{"id":17421,"date":"2025-09-05T18:37:53","date_gmt":"2025-09-06T00:37:53","guid":{"rendered":"https:\/\/alcierrenoticias.com\/?p=17421"},"modified":"2025-09-06T18:40:31","modified_gmt":"2025-09-07T00:40:31","slug":"destaca-dia-del-nogalero-su-importancia-en-la-economia-y-sustentabilidad-de-delicias-valenciano","status":"publish","type":"post","link":"https:\/\/alcierrenoticias.com\/index.php\/2025\/09\/05\/destaca-dia-del-nogalero-su-importancia-en-la-economia-y-sustentabilidad-de-delicias-valenciano\/","title":{"rendered":"Destaca D\u00eda del Nogalero su importancia en la econom\u00eda y sustentabilidad de Delicias: Valenciano."},"content":{"rendered":"<p>El presidente municipal de Delicias, Jes\u00fas Valenciano, destac\u00f3 la importancia de la Feria Nogalera en su edici\u00f3n n\u00famero 28, al considerarla un s\u00edmbolo de trascendencia, visi\u00f3n de futuro y desarrollo econ\u00f3mico para Delicias y la regi\u00f3n. \u201cUn nogalero siembra pensando en sus hijos y nietos, con la certeza de que su inversi\u00f3n rendir\u00e1 frutos despu\u00e9s de 20 a\u00f1os. Esa es la verdadera esencia de trascender\u201d, expres\u00f3 el edil durante la inauguraci\u00f3n del evento.<\/p>\n<p>Valenciano Garc\u00eda subray\u00f3 que Delicias y su regi\u00f3n son pioneros en la producci\u00f3n de nuez en M\u00e9xico, al comercializarse desde aqu\u00ed el 80% de la producci\u00f3n nacional. Este sector, puntualiz\u00f3, representa un polo econ\u00f3mico de alrededor de 7 mil millones de pesos, consolid\u00e1ndose como uno de los motores m\u00e1s fuertes para la econom\u00eda del estado y del pa\u00eds.<\/p>\n<p>\u201cEl mejor evento nogalero del pa\u00eds y del sur de Estados Unidos est\u00e1 aqu\u00ed en Delicias. Cualquier innovaci\u00f3n, maquinaria o tecnolog\u00eda que exista en el mundo en torno a la nuez, se presenta en nuestra feria, con la participaci\u00f3n de expertos de Israel, Holanda, Suiza, Estados Unidos, Sud\u00e1frica y Espa\u00f1a\u201d, asegur\u00f3 el presidente municipal.<\/p>\n<p>El evento, adem\u00e1s, deja una derrama econ\u00f3mica inmediata estimada en 8 millones de pesos durante el fin de semana, con ocupaci\u00f3n hotelera y de alojamientos temporales al m\u00e1ximo. \u201cSe trata de visitantes que vienen a invertir, comprar y establecer negocios; con ello oxigenan la econom\u00eda de Chihuahua y fortalecen especialmente a nuestra regi\u00f3n\u201d, agreg\u00f3 Valenciano.<\/p>\n<p>En el acto protocolario tambi\u00e9n estuvieron presentes el secretario de Desarrollo Rural del Estado, Mauro Parada, y el director ejecutivo de la Junta Central de Agua y Saneamiento, Mario Mata Carrasco, quienes resaltaron la relevancia de la nogalicultura tanto en t\u00e9rminos de sustentabilidad como de generaci\u00f3n de riqueza para las pr\u00f3ximas generaciones.<\/p>\n","protected":false},"excerpt":{"rendered":"<p>El presidente municipal de Delicias, Jes\u00fas Valenciano, destac\u00f3 la importancia de la Feria Nogalera en su edici\u00f3n n\u00famero 28, al considerarla un s\u00edmbolo de trascendencia, visi\u00f3n de futuro y desarrollo econ\u00f3mico para Delicias y la regi\u00f3n. \u201cUn nogalero siembra pensando en sus hijos y nietos, con la certeza de que su inversi\u00f3n rendir\u00e1 frutos despu\u00e9s de 20 a\u00f1os. Esa es la verdadera esencia de trascender\u201d, expres\u00f3 el edil durante la inauguraci\u00f3n del evento. Valenciano Garc\u00eda subray\u00f3 que Delicias y su regi\u00f3n son pioneros en la producci\u00f3n de nuez en M\u00e9xico, al comercializarse desde aqu\u00ed el 80% de la producci\u00f3n nacional. Este sector, puntualiz\u00f3, representa un polo econ\u00f3mico de alrededor de 7 mil millones de pesos, consolid\u00e1ndose como uno de los motores m\u00e1s fuertes para la econom\u00eda del estado y del pa\u00eds. \u201cEl mejor evento nogalero del pa\u00eds y del sur de Estados Unidos est\u00e1 aqu\u00ed en Delicias. Cualquier innovaci\u00f3n, maquinaria o tecnolog\u00eda que exista en el mundo en torno a la nuez, se presenta en nuestra feria, con la participaci\u00f3n de expertos de Israel, Holanda, Suiza, Estados Unidos, Sud\u00e1frica y Espa\u00f1a\u201d, asegur\u00f3 el presidente municipal. El evento, adem\u00e1s, deja una derrama econ\u00f3mica inmediata estimada en 8 millones de pesos durante el fin de semana, con ocupaci\u00f3n hotelera y de alojamientos temporales al m\u00e1ximo. \u201cSe trata de visitantes que vienen a invertir, comprar y establecer negocios; con ello oxigenan la econom\u00eda de Chihuahua y fortalecen especialmente a nuestra regi\u00f3n\u201d, agreg\u00f3 Valenciano. En el acto protocolario tambi\u00e9n estuvieron presentes el secretario de Desarrollo Rural del Estado, Mauro Parada, y el director ejecutivo de la Junta Central de Agua y Saneamiento, Mario Mata Carrasco, quienes resaltaron la relevancia de la nogalicultura tanto en t\u00e9rminos de sustentabilidad como de generaci\u00f3n de riqueza para las pr\u00f3ximas generaciones.<\/p>\n","protected":false},"author":2,"featured_media":17422,"comment_status":"open","ping_status":"open","sticky":false,"template":"","format":"standard","meta":{"_monsterinsights_skip_tracking":false,"_monsterinsights_sitenote_active":false,"_monsterinsights_sitenote_note":"","_monsterinsights_sitenote_category":0,"advanced_seo_description":"","jetpack_seo_html_title":"","jetpack_seo_noindex":false,"_jetpack_memberships_contains_paid_content":false,"footnotes":"","jetpack_publicize_message":"","jetpack_publicize_feature_enabled":true,"jetpack_social_post_already_shared":true,"jetpack_social_options":{"image_generator_settings":{"template":"highway","enabled":false},"version":2}},"categories":[135,7,11],"tags":[],"class_list":["post-17421","post","type-post","status-publish","format-standard","has-post-thumbnail","hentry","category-lo-mas-leido","category-local","category-principal"],"jetpack_publicize_connections":[],"jetpack_sharing_enabled":true,"jetpack_featured_media_url":"https:\/\/i0.wp.com\/alcierrenoticias.com\/wp-content\/uploads\/2025\/09\/WhatsApp-Image-2025-09-05-at-6.28.03-PM-scaled.jpeg?fit=2560%2C1707&ssl=1","amp_enabled":true,"_links":{"self":[{"href":"https:\/\/alcierrenoticias.com\/index.php\/wp-json\/wp\/v2\/posts\/17421","targetHints":{"allow":["GET"]}}],"collection":[{"href":"https:\/\/alcierrenoticias.com\/index.php\/wp-json\/wp\/v2\/posts"}],"about":[{"href":"https:\/\/alcierrenoticias.com\/index.php\/wp-json\/wp\/v2\/types\/post"}],"author":[{"embeddable":true,"href":"https:\/\/alcierrenoticias.com\/index.php\/wp-json\/wp\/v2\/users\/2"}],"replies":[{"embeddable":true,"href":"https:\/\/alcierrenoticias.com\/index.php\/wp-json\/wp\/v2\/comments?post=17421"}],"version-history":[{"count":2,"href":"https:\/\/alcierrenoticias.com\/index.php\/wp-json\/wp\/v2\/posts\/17421\/revisions"}],"predecessor-version":[{"id":17424,"href":"https:\/\/alcierrenoticias.com\/index.php\/wp-json\/wp\/v2\/posts\/17421\/revisions\/17424"}],"wp:featuredmedia":[{"embeddable":true,"href":"https:\/\/alcierrenoticias.com\/index.php\/wp-json\/wp\/v2\/media\/17422"}],"wp:attachment":[{"href":"https:\/\/alcierrenoticias.com\/index.php\/wp-json\/wp\/v2\/media?parent=17421"}],"wp:term":[{"taxonomy":"category","embeddable":true,"href":"https:\/\/alcierrenoticias.com\/index.php\/wp-json\/wp\/v2\/categories?post=17421"},{"taxonomy":"post_tag","embeddable":true,"href":"https:\/\/alcierrenoticias.com\/index.php\/wp-json\/wp\/v2\/tags?post=17421"}],"curies":[{"name":"wp","href":"https:\/\/api.w.org\/{rel}","templated":true}]}}