{"id":17417,"date":"2025-09-05T17:28:16","date_gmt":"2025-09-05T23:28:16","guid":{"rendered":"https:\/\/alcierrenoticias.com\/?p=17417"},"modified":"2025-09-06T18:37:51","modified_gmt":"2025-09-07T00:37:51","slug":"mas-tranquilidad-para-camargo-gobierno-municipal-resalta-un-ano-con-mas-resultados-en-seguridad-y-prevencion","status":"publish","type":"post","link":"https:\/\/alcierrenoticias.com\/index.php\/2025\/09\/05\/mas-tranquilidad-para-camargo-gobierno-municipal-resalta-un-ano-con-mas-resultados-en-seguridad-y-prevencion\/","title":{"rendered":"M\u00e1s tranquilidad para Camargo: Gobierno Municipal resalta un a\u00f1o con m\u00e1s resultados en seguridad y prevenci\u00f3n."},"content":{"rendered":"<p>En el marco del primer informe de gobierno del primer a\u00f1o de la segunda administraci\u00f3n del presidente municipal Jorge Aldana, se destacan importantes avances en materia de seguridad y prevenci\u00f3n, logrando un Camargo m\u00e1s seguro para todas las familias.<\/p>\n<p>Durante este primer a\u00f1o, la administraci\u00f3n municipal alcanz\u00f3 resultados hist\u00f3ricos: se realiz\u00f3 una inversi\u00f3n sin precedentes en la adquisici\u00f3n de unidades para la Polic\u00eda Municipal y de Vialidad, adem\u00e1s de nuevos uniformes y equipo t\u00e9cnico para polic\u00edas, personal de vialidad y bomberos. Estas acciones fortalecen la capacidad de respuesta ante emergencias y refuerzan la presencia de la autoridad en todo el municipio.<\/p>\n<p>La prevenci\u00f3n tambi\u00e9n ha sido un pilar fundamental. M\u00e1s de 2,500 ni\u00f1as y ni\u00f1os se beneficiaron con el programa preventivo D.A.R.E., promoviendo valores y h\u00e1bitos positivos desde temprana edad. Adem\u00e1s, se llev\u00f3 a cabo la campa\u00f1a \u201cBAJALE, Cuida tu vida y la de los dem\u00e1s\u201d, que combin\u00f3 acciones en redes sociales con operativos de control y puntos de verificaci\u00f3n, fomentando la conciencia vial y reduciendo riesgos en nuestras calles.<\/p>\n<p>Estos logros reflejan el compromiso de Jorge Aldana y su equipo por un Camargo m\u00e1s seguro y con mejores oportunidades para todas y todos.<\/p>\n","protected":false},"excerpt":{"rendered":"<p>En el marco del primer informe de gobierno del primer a\u00f1o de la segunda administraci\u00f3n del presidente municipal Jorge Aldana, se destacan importantes avances en materia de seguridad y prevenci\u00f3n, logrando un Camargo m\u00e1s seguro para todas las familias. Durante este primer a\u00f1o, la administraci\u00f3n municipal alcanz\u00f3 resultados hist\u00f3ricos: se realiz\u00f3 una inversi\u00f3n sin precedentes en la adquisici\u00f3n de unidades para la Polic\u00eda Municipal y de Vialidad, adem\u00e1s de nuevos uniformes y equipo t\u00e9cnico para polic\u00edas, personal de vialidad y bomberos. Estas acciones fortalecen la capacidad de respuesta ante emergencias y refuerzan la presencia de la autoridad en todo el municipio. La prevenci\u00f3n tambi\u00e9n ha sido un pilar fundamental. M\u00e1s de 2,500 ni\u00f1as y ni\u00f1os se beneficiaron con el programa preventivo D.A.R.E., promoviendo valores y h\u00e1bitos positivos desde temprana edad. Adem\u00e1s, se llev\u00f3 a cabo la campa\u00f1a \u201cBAJALE, Cuida tu vida y la de los dem\u00e1s\u201d, que combin\u00f3 acciones en redes sociales con operativos de control y puntos de verificaci\u00f3n, fomentando la conciencia vial y reduciendo riesgos en nuestras calles. Estos logros reflejan el compromiso de Jorge Aldana y su equipo por un Camargo m\u00e1s seguro y con mejores oportunidades para todas y todos.<\/p>\n","protected":false},"author":2,"featured_media":17418,"comment_status":"open","ping_status":"open","sticky":false,"template":"","format":"standard","meta":{"_monsterinsights_skip_tracking":false,"_monsterinsights_sitenote_active":false,"_monsterinsights_sitenote_note":"","_monsterinsights_sitenote_category":0,"advanced_seo_description":"","jetpack_seo_html_title":"","jetpack_seo_noindex":false,"_jetpack_memberships_contains_paid_content":false,"footnotes":"","jetpack_publicize_message":"","jetpack_publicize_feature_enabled":true,"jetpack_social_post_already_shared":true,"jetpack_social_options":{"image_generator_settings":{"template":"highway","enabled":false},"version":2}},"categories":[8,135,11],"tags":[],"class_list":["post-17417","post","type-post","status-publish","format-standard","has-post-thumbnail","hentry","category-estado","category-lo-mas-leido","category-principal"],"jetpack_publicize_connections":[],"jetpack_sharing_enabled":true,"jetpack_featured_media_url":"https:\/\/i0.wp.com\/alcierrenoticias.com\/wp-content\/uploads\/2025\/09\/WhatsApp-Image-2025-09-05-at-5.18.50-PM-e1757205421790.jpeg?fit=400%2C500&ssl=1","amp_enabled":true,"_links":{"self":[{"href":"https:\/\/alcierrenoticias.com\/index.php\/wp-json\/wp\/v2\/posts\/17417","targetHints":{"allow":["GET"]}}],"collection":[{"href":"https:\/\/alcierrenoticias.com\/index.php\/wp-json\/wp\/v2\/posts"}],"about":[{"href":"https:\/\/alcierrenoticias.com\/index.php\/wp-json\/wp\/v2\/types\/post"}],"author":[{"embeddable":true,"href":"https:\/\/alcierrenoticias.com\/index.php\/wp-json\/wp\/v2\/users\/2"}],"replies":[{"embeddable":true,"href":"https:\/\/alcierrenoticias.com\/index.php\/wp-json\/wp\/v2\/comments?post=17417"}],"version-history":[{"count":2,"href":"https:\/\/alcierrenoticias.com\/index.php\/wp-json\/wp\/v2\/posts\/17417\/revisions"}],"predecessor-version":[{"id":17420,"href":"https:\/\/alcierrenoticias.com\/index.php\/wp-json\/wp\/v2\/posts\/17417\/revisions\/17420"}],"wp:featuredmedia":[{"embeddable":true,"href":"https:\/\/alcierrenoticias.com\/index.php\/wp-json\/wp\/v2\/media\/17418"}],"wp:attachment":[{"href":"https:\/\/alcierrenoticias.com\/index.php\/wp-json\/wp\/v2\/media?parent=17417"}],"wp:term":[{"taxonomy":"category","embeddable":true,"href":"https:\/\/alcierrenoticias.com\/index.php\/wp-json\/wp\/v2\/categories?post=17417"},{"taxonomy":"post_tag","embeddable":true,"href":"https:\/\/alcierrenoticias.com\/index.php\/wp-json\/wp\/v2\/tags?post=17417"}],"curies":[{"name":"wp","href":"https:\/\/api.w.org\/{rel}","templated":true}]}}