{"id":17413,"date":"2025-09-05T17:23:26","date_gmt":"2025-09-05T23:23:26","guid":{"rendered":"https:\/\/alcierrenoticias.com\/?p=17413"},"modified":"2025-09-06T18:35:03","modified_gmt":"2025-09-07T00:35:03","slug":"por-la-seguridad-y-tranquilidad-de-las-familias-camarguenses-este-ano-adquirimos-8-patrullas-para-policia-y-vialidad-jorge-aldana","status":"publish","type":"post","link":"https:\/\/alcierrenoticias.com\/index.php\/2025\/09\/05\/por-la-seguridad-y-tranquilidad-de-las-familias-camarguenses-este-ano-adquirimos-8-patrullas-para-policia-y-vialidad-jorge-aldana\/","title":{"rendered":"Por la seguridad y tranquilidad de las familias camarguenses, este a\u00f1o adquirimos 8 patrullas para policia y vialidad: Jorge Aldana."},"content":{"rendered":"<p>Durante el primer a\u00f1o de su segunda administraci\u00f3n, y en el marco de su Primer Informe de Gobierno, el presidente municipal Jorge Aldana inform\u00f3 que se adquirieron 8 unidades nuevas para reforzar la seguridad en el municipio, con una inversi\u00f3n municipal de $6,500,000.<\/p>\n<p>De este total, 5 unidades fueron asignadas a la Direcci\u00f3n de Seguridad P\u00fablica Municipal y 3 unidades a la Polic\u00eda Vial, con el objetivo de fortalecer las labores de vigilancia, patrullaje y atenci\u00f3n inmediata en todo el municipio.<\/p>\n<p>Adem\u00e1s de la adquisici\u00f3n de las unidades, se entreg\u00f3 equipamiento completo a las y los elementos de seguridad p\u00fablica y se han implementado operativos preventivos de d\u00eda y de noche para garantizar mayor presencia y respuesta en zonas estrat\u00e9gicas.<\/p>\n<p>\u201cCon estas nuevas unidades reforzamos nuestro compromiso con la seguridad de Camargo. Es un paso m\u00e1s para que nuestra ciudad sea un lugar m\u00e1s seguro y con mejor calidad de vida para todos\u201d, destac\u00f3 Aldana.<\/p>\n<p>Con estas acciones, la administraci\u00f3n municipal 2024-2027 reafirma su compromiso de mantener un gobierno cercano a la gente, que invierte en protecci\u00f3n y bienestar, asegurando un Camargo m\u00e1s tranquilo y seguro.<\/p>\n","protected":false},"excerpt":{"rendered":"<p>Durante el primer a\u00f1o de su segunda administraci\u00f3n, y en el marco de su Primer Informe de Gobierno, el presidente municipal Jorge Aldana inform\u00f3 que se adquirieron 8 unidades nuevas para reforzar la seguridad en el municipio, con una inversi\u00f3n municipal de $6,500,000. De este total, 5 unidades fueron asignadas a la Direcci\u00f3n de Seguridad P\u00fablica Municipal y 3 unidades a la Polic\u00eda Vial, con el objetivo de fortalecer las labores de vigilancia, patrullaje y atenci\u00f3n inmediata en todo el municipio. Adem\u00e1s de la adquisici\u00f3n de las unidades, se entreg\u00f3 equipamiento completo a las y los elementos de seguridad p\u00fablica y se han implementado operativos preventivos de d\u00eda y de noche para garantizar mayor presencia y respuesta en zonas estrat\u00e9gicas. \u201cCon estas nuevas unidades reforzamos nuestro compromiso con la seguridad de Camargo. Es un paso m\u00e1s para que nuestra ciudad sea un lugar m\u00e1s seguro y con mejor calidad de vida para todos\u201d, destac\u00f3 Aldana. Con estas acciones, la administraci\u00f3n municipal 2024-2027 reafirma su compromiso de mantener un gobierno cercano a la gente, que invierte en protecci\u00f3n y bienestar, asegurando un Camargo m\u00e1s tranquilo y seguro.<\/p>\n","protected":false},"author":2,"featured_media":17414,"comment_status":"open","ping_status":"open","sticky":false,"template":"","format":"standard","meta":{"_monsterinsights_skip_tracking":false,"_monsterinsights_sitenote_active":false,"_monsterinsights_sitenote_note":"","_monsterinsights_sitenote_category":0,"advanced_seo_description":"","jetpack_seo_html_title":"","jetpack_seo_noindex":false,"_jetpack_memberships_contains_paid_content":false,"footnotes":"","jetpack_publicize_message":"","jetpack_publicize_feature_enabled":true,"jetpack_social_post_already_shared":true,"jetpack_social_options":{"image_generator_settings":{"template":"highway","enabled":false},"version":2}},"categories":[8,135,11],"tags":[],"class_list":["post-17413","post","type-post","status-publish","format-standard","has-post-thumbnail","hentry","category-estado","category-lo-mas-leido","category-principal"],"jetpack_publicize_connections":[],"jetpack_sharing_enabled":true,"jetpack_featured_media_url":"https:\/\/i0.wp.com\/alcierrenoticias.com\/wp-content\/uploads\/2025\/09\/WhatsApp-Image-2025-09-05-at-5.18.43-PM.jpeg?fit=1600%2C900&ssl=1","amp_enabled":true,"_links":{"self":[{"href":"https:\/\/alcierrenoticias.com\/index.php\/wp-json\/wp\/v2\/posts\/17413","targetHints":{"allow":["GET"]}}],"collection":[{"href":"https:\/\/alcierrenoticias.com\/index.php\/wp-json\/wp\/v2\/posts"}],"about":[{"href":"https:\/\/alcierrenoticias.com\/index.php\/wp-json\/wp\/v2\/types\/post"}],"author":[{"embeddable":true,"href":"https:\/\/alcierrenoticias.com\/index.php\/wp-json\/wp\/v2\/users\/2"}],"replies":[{"embeddable":true,"href":"https:\/\/alcierrenoticias.com\/index.php\/wp-json\/wp\/v2\/comments?post=17413"}],"version-history":[{"count":2,"href":"https:\/\/alcierrenoticias.com\/index.php\/wp-json\/wp\/v2\/posts\/17413\/revisions"}],"predecessor-version":[{"id":17416,"href":"https:\/\/alcierrenoticias.com\/index.php\/wp-json\/wp\/v2\/posts\/17413\/revisions\/17416"}],"wp:featuredmedia":[{"embeddable":true,"href":"https:\/\/alcierrenoticias.com\/index.php\/wp-json\/wp\/v2\/media\/17414"}],"wp:attachment":[{"href":"https:\/\/alcierrenoticias.com\/index.php\/wp-json\/wp\/v2\/media?parent=17413"}],"wp:term":[{"taxonomy":"category","embeddable":true,"href":"https:\/\/alcierrenoticias.com\/index.php\/wp-json\/wp\/v2\/categories?post=17413"},{"taxonomy":"post_tag","embeddable":true,"href":"https:\/\/alcierrenoticias.com\/index.php\/wp-json\/wp\/v2\/tags?post=17413"}],"curies":[{"name":"wp","href":"https:\/\/api.w.org\/{rel}","templated":true}]}}