{"id":17385,"date":"2025-09-04T17:48:15","date_gmt":"2025-09-04T23:48:15","guid":{"rendered":"https:\/\/alcierrenoticias.com\/?p=17385"},"modified":"2025-09-06T13:11:00","modified_gmt":"2025-09-06T19:11:00","slug":"anuncia-valenciano-inicio-de-trabajos-para-concluir-la-avenida-fernando-baeza-al-oriente-de-delicias","status":"publish","type":"post","link":"https:\/\/alcierrenoticias.com\/index.php\/2025\/09\/04\/anuncia-valenciano-inicio-de-trabajos-para-concluir-la-avenida-fernando-baeza-al-oriente-de-delicias\/","title":{"rendered":"Anuncia Valenciano inicio de trabajos para concluir la Avenida Fernando Baeza al Oriente de Delicias."},"content":{"rendered":"<p>Despu\u00e9s de d\u00e9cadas de espera, las familias del oriente de Delicias ver\u00e1n cumplido un sue\u00f1o largamente anhelado: la conclusi\u00f3n de la Avenida Fernando Baeza. Con el arranque de los trabajos anunciado durante su Informe de Gobierno por el presidente municipal Jes\u00fas Valenciano Garc\u00eda, esta obra no s\u00f3lo conecta calles y colonias, sino que une esperanzas, abre oportunidades y fortalece el futuro de miles de hogares.<\/p>\n<p>El alcalde destac\u00f3 que esta vialidad permitir\u00e1 comunicar de manera directa hacia la carretera libre a Saucillo con las colonias del oriente del municipio y se convertir\u00e1 en un nuevo polo de desarrollo urbano, pues beneficiar\u00e1 a miles de familias que diariamente transitan por la zona y que durante d\u00e9cadas hab\u00edan esperado esta conexi\u00f3n.<\/p>\n<p>Explic\u00f3 que la modernizaci\u00f3n de la Fernando Baeza no s\u00f3lo mejorar\u00e1 la movilidad, sino que tambi\u00e9n dar\u00e1 mayor seguridad, reducir\u00e1 tiempos de traslado y elevar\u00e1 la plusval\u00eda de las viviendas en el sector oriente. \u201cCon esta obra estamos cumpliendo un compromiso hist\u00f3rico con las familias del oriente, porque tener calles dignas y conectividad es tambi\u00e9n garantizar oportunidades de crecimiento\u201d, se\u00f1al\u00f3.<\/p>\n<p>El presidente municipal afirm\u00f3 que la conclusi\u00f3n de la avenida es un paso decisivo para orientar la expansi\u00f3n ordenada de Delicias y consolidar a esta zona como un espacio de progreso para las nuevas generaciones.<\/p>\n","protected":false},"excerpt":{"rendered":"<p>Despu\u00e9s de d\u00e9cadas de espera, las familias del oriente de Delicias ver\u00e1n cumplido un sue\u00f1o largamente anhelado: la conclusi\u00f3n de la Avenida Fernando Baeza. Con el arranque de los trabajos anunciado durante su Informe de Gobierno por el presidente municipal Jes\u00fas Valenciano Garc\u00eda, esta obra no s\u00f3lo conecta calles y colonias, sino que une esperanzas, abre oportunidades y fortalece el futuro de miles de hogares. El alcalde destac\u00f3 que esta vialidad permitir\u00e1 comunicar de manera directa hacia la carretera libre a Saucillo con las colonias del oriente del municipio y se convertir\u00e1 en un nuevo polo de desarrollo urbano, pues beneficiar\u00e1 a miles de familias que diariamente transitan por la zona y que durante d\u00e9cadas hab\u00edan esperado esta conexi\u00f3n. Explic\u00f3 que la modernizaci\u00f3n de la Fernando Baeza no s\u00f3lo mejorar\u00e1 la movilidad, sino que tambi\u00e9n dar\u00e1 mayor seguridad, reducir\u00e1 tiempos de traslado y elevar\u00e1 la plusval\u00eda de las viviendas en el sector oriente. \u201cCon esta obra estamos cumpliendo un compromiso hist\u00f3rico con las familias del oriente, porque tener calles dignas y conectividad es tambi\u00e9n garantizar oportunidades de crecimiento\u201d, se\u00f1al\u00f3. El presidente municipal afirm\u00f3 que la conclusi\u00f3n de la avenida es un paso decisivo para orientar la expansi\u00f3n ordenada de Delicias y consolidar a esta zona como un espacio de progreso para las nuevas generaciones.<\/p>\n","protected":false},"author":2,"featured_media":17386,"comment_status":"open","ping_status":"open","sticky":false,"template":"","format":"standard","meta":{"_monsterinsights_skip_tracking":false,"_monsterinsights_sitenote_active":false,"_monsterinsights_sitenote_note":"","_monsterinsights_sitenote_category":0,"advanced_seo_description":"","jetpack_seo_html_title":"","jetpack_seo_noindex":false,"_jetpack_memberships_contains_paid_content":false,"footnotes":"","jetpack_publicize_message":"","jetpack_publicize_feature_enabled":true,"jetpack_social_post_already_shared":true,"jetpack_social_options":{"image_generator_settings":{"template":"highway","enabled":false},"version":2}},"categories":[135,7,11],"tags":[],"class_list":["post-17385","post","type-post","status-publish","format-standard","has-post-thumbnail","hentry","category-lo-mas-leido","category-local","category-principal"],"jetpack_publicize_connections":[],"jetpack_sharing_enabled":true,"jetpack_featured_media_url":"https:\/\/i0.wp.com\/alcierrenoticias.com\/wp-content\/uploads\/2025\/09\/WhatsApp-Image-2025-09-04-at-5.44.45-PM-scaled.jpeg?fit=2560%2C1707&ssl=1","amp_enabled":true,"_links":{"self":[{"href":"https:\/\/alcierrenoticias.com\/index.php\/wp-json\/wp\/v2\/posts\/17385","targetHints":{"allow":["GET"]}}],"collection":[{"href":"https:\/\/alcierrenoticias.com\/index.php\/wp-json\/wp\/v2\/posts"}],"about":[{"href":"https:\/\/alcierrenoticias.com\/index.php\/wp-json\/wp\/v2\/types\/post"}],"author":[{"embeddable":true,"href":"https:\/\/alcierrenoticias.com\/index.php\/wp-json\/wp\/v2\/users\/2"}],"replies":[{"embeddable":true,"href":"https:\/\/alcierrenoticias.com\/index.php\/wp-json\/wp\/v2\/comments?post=17385"}],"version-history":[{"count":2,"href":"https:\/\/alcierrenoticias.com\/index.php\/wp-json\/wp\/v2\/posts\/17385\/revisions"}],"predecessor-version":[{"id":17388,"href":"https:\/\/alcierrenoticias.com\/index.php\/wp-json\/wp\/v2\/posts\/17385\/revisions\/17388"}],"wp:featuredmedia":[{"embeddable":true,"href":"https:\/\/alcierrenoticias.com\/index.php\/wp-json\/wp\/v2\/media\/17386"}],"wp:attachment":[{"href":"https:\/\/alcierrenoticias.com\/index.php\/wp-json\/wp\/v2\/media?parent=17385"}],"wp:term":[{"taxonomy":"category","embeddable":true,"href":"https:\/\/alcierrenoticias.com\/index.php\/wp-json\/wp\/v2\/categories?post=17385"},{"taxonomy":"post_tag","embeddable":true,"href":"https:\/\/alcierrenoticias.com\/index.php\/wp-json\/wp\/v2\/tags?post=17385"}],"curies":[{"name":"wp","href":"https:\/\/api.w.org\/{rel}","templated":true}]}}