{"id":17325,"date":"2025-09-03T20:30:50","date_gmt":"2025-09-04T02:30:50","guid":{"rendered":"https:\/\/alcierrenoticias.com\/?p=17325"},"modified":"2025-09-04T13:58:02","modified_gmt":"2025-09-04T19:58:02","slug":"valenciano-y-gobierno-del-estado-suman-esfuerzos-para-fortalecer-la-educacion-en-delicias","status":"publish","type":"post","link":"https:\/\/alcierrenoticias.com\/index.php\/2025\/09\/03\/valenciano-y-gobierno-del-estado-suman-esfuerzos-para-fortalecer-la-educacion-en-delicias\/","title":{"rendered":"Valenciano y Gobierno del Estado suman esfuerzos para fortalecer la educaci\u00f3n en Delicias."},"content":{"rendered":"<p>El presidente municipal Jes\u00fas Valenciano Garc\u00eda inform\u00f3 que su administraci\u00f3n ha puesto en el centro de las prioridades a las ni\u00f1as y ni\u00f1os de Delicias, garantizando su derecho a una buena alimentaci\u00f3n y a contar con escuelas dignas para su formaci\u00f3n.<\/p>\n<p>Con el respaldo del Gobierno del Estado, a trav\u00e9s de desayunos escolares y el programa NutriChihuahua, hoy la ni\u00f1ez deliciense recibe la mejor atenci\u00f3n nutricional en la historia del municipio, lo que les permite desarrollarse, aprender y mirar al futuro con una sonrisa.<\/p>\n<p>Destac\u00f3 que adem\u00e1s se han invertido 40 millones de pesos en el \u00faltimo a\u00f1o para dar mantenimiento y rehabilitaci\u00f3n a espacios educativos, desde nivel preescolar hasta superior. Las cuadrillas municipales trabajan todos los d\u00edas en estas tareas, asegurando que cada estudiante, maestra y maestro cuenten con un entorno adecuado para el aprendizaje.<\/p>\n<p>El alcalde agradeci\u00f3 tambi\u00e9n el respaldo del Gobierno del Estado, que recurso adicional para infraestructura educativa y 12 millones para techumbres, as\u00ed como el apoyo del Consejo Municipal de Estacion\u00f3metros, que autoriz\u00f3 24 proyectos en beneficio de miles de estudiantes con obras escolares, equipamiento, becas, uniformes y transporte.<\/p>\n<p>\u201cCada ni\u00f1a y ni\u00f1o de Delicias merece crecer en un plantel digno, con alimentaci\u00f3n adecuada y condiciones para aprender. Esa es nuestra responsabilidad y la estamos cumpliendo con hechos\u201d, expres\u00f3 Jes\u00fas Valenciano.<\/p>\n","protected":false},"excerpt":{"rendered":"<p>El presidente municipal Jes\u00fas Valenciano Garc\u00eda inform\u00f3 que su administraci\u00f3n ha puesto en el centro de las prioridades a las ni\u00f1as y ni\u00f1os de Delicias, garantizando su derecho a una buena alimentaci\u00f3n y a contar con escuelas dignas para su formaci\u00f3n. Con el respaldo del Gobierno del Estado, a trav\u00e9s de desayunos escolares y el programa NutriChihuahua, hoy la ni\u00f1ez deliciense recibe la mejor atenci\u00f3n nutricional en la historia del municipio, lo que les permite desarrollarse, aprender y mirar al futuro con una sonrisa. Destac\u00f3 que adem\u00e1s se han invertido 40 millones de pesos en el \u00faltimo a\u00f1o para dar mantenimiento y rehabilitaci\u00f3n a espacios educativos, desde nivel preescolar hasta superior. Las cuadrillas municipales trabajan todos los d\u00edas en estas tareas, asegurando que cada estudiante, maestra y maestro cuenten con un entorno adecuado para el aprendizaje. El alcalde agradeci\u00f3 tambi\u00e9n el respaldo del Gobierno del Estado, que recurso adicional para infraestructura educativa y 12 millones para techumbres, as\u00ed como el apoyo del Consejo Municipal de Estacion\u00f3metros, que autoriz\u00f3 24 proyectos en beneficio de miles de estudiantes con obras escolares, equipamiento, becas, uniformes y transporte. \u201cCada ni\u00f1a y ni\u00f1o de Delicias merece crecer en un plantel digno, con alimentaci\u00f3n adecuada y condiciones para aprender. Esa es nuestra responsabilidad y la estamos cumpliendo con hechos\u201d, expres\u00f3 Jes\u00fas Valenciano.<\/p>\n","protected":false},"author":2,"featured_media":17326,"comment_status":"open","ping_status":"open","sticky":false,"template":"","format":"standard","meta":{"_monsterinsights_skip_tracking":false,"_monsterinsights_sitenote_active":false,"_monsterinsights_sitenote_note":"","_monsterinsights_sitenote_category":0,"advanced_seo_description":"","jetpack_seo_html_title":"","jetpack_seo_noindex":false,"_jetpack_memberships_contains_paid_content":false,"footnotes":"","jetpack_publicize_message":"","jetpack_publicize_feature_enabled":true,"jetpack_social_post_already_shared":true,"jetpack_social_options":{"image_generator_settings":{"template":"highway","enabled":false},"version":2}},"categories":[135,7,11],"tags":[],"class_list":["post-17325","post","type-post","status-publish","format-standard","has-post-thumbnail","hentry","category-lo-mas-leido","category-local","category-principal"],"jetpack_publicize_connections":[],"jetpack_sharing_enabled":true,"jetpack_featured_media_url":"https:\/\/i0.wp.com\/alcierrenoticias.com\/wp-content\/uploads\/2025\/09\/WhatsApp-Image-2025-09-03-at-8.21.21-PM.jpeg?fit=1600%2C1066&ssl=1","amp_enabled":true,"_links":{"self":[{"href":"https:\/\/alcierrenoticias.com\/index.php\/wp-json\/wp\/v2\/posts\/17325","targetHints":{"allow":["GET"]}}],"collection":[{"href":"https:\/\/alcierrenoticias.com\/index.php\/wp-json\/wp\/v2\/posts"}],"about":[{"href":"https:\/\/alcierrenoticias.com\/index.php\/wp-json\/wp\/v2\/types\/post"}],"author":[{"embeddable":true,"href":"https:\/\/alcierrenoticias.com\/index.php\/wp-json\/wp\/v2\/users\/2"}],"replies":[{"embeddable":true,"href":"https:\/\/alcierrenoticias.com\/index.php\/wp-json\/wp\/v2\/comments?post=17325"}],"version-history":[{"count":2,"href":"https:\/\/alcierrenoticias.com\/index.php\/wp-json\/wp\/v2\/posts\/17325\/revisions"}],"predecessor-version":[{"id":17328,"href":"https:\/\/alcierrenoticias.com\/index.php\/wp-json\/wp\/v2\/posts\/17325\/revisions\/17328"}],"wp:featuredmedia":[{"embeddable":true,"href":"https:\/\/alcierrenoticias.com\/index.php\/wp-json\/wp\/v2\/media\/17326"}],"wp:attachment":[{"href":"https:\/\/alcierrenoticias.com\/index.php\/wp-json\/wp\/v2\/media?parent=17325"}],"wp:term":[{"taxonomy":"category","embeddable":true,"href":"https:\/\/alcierrenoticias.com\/index.php\/wp-json\/wp\/v2\/categories?post=17325"},{"taxonomy":"post_tag","embeddable":true,"href":"https:\/\/alcierrenoticias.com\/index.php\/wp-json\/wp\/v2\/tags?post=17325"}],"curies":[{"name":"wp","href":"https:\/\/api.w.org\/{rel}","templated":true}]}}