{"id":17289,"date":"2025-09-03T14:40:44","date_gmt":"2025-09-03T20:40:44","guid":{"rendered":"https:\/\/alcierrenoticias.com\/?p=17289"},"modified":"2025-09-04T12:44:50","modified_gmt":"2025-09-04T18:44:50","slug":"destaca-jorge-aldana-mas-resultados-en-pavimentacion-mas-de-35-calles-rehabilitadas-en-estos-4-anos","status":"publish","type":"post","link":"https:\/\/alcierrenoticias.com\/index.php\/2025\/09\/03\/destaca-jorge-aldana-mas-resultados-en-pavimentacion-mas-de-35-calles-rehabilitadas-en-estos-4-anos\/","title":{"rendered":"Destaca Jorge Aldana m\u00e1s resultados en pavimentaci\u00f3n: m\u00e1s de 35 calles rehabilitadas en estos 4 a\u00f1os."},"content":{"rendered":"<p>El presidente municipal Jorge Aldana inform\u00f3 que, en estos cuatro a\u00f1os de su administraci\u00f3n, se han rehabilitado m\u00e1s de 35 calles en distintos sectores de la ciudad, cumpliendo con una de las demandas m\u00e1s sentidas de la poblaci\u00f3n.<\/p>\n<p>Estas vialidades, que durante a\u00f1os fueron se\u00f1al de abandono, hoy representan progreso y desarrollo. La pavimentaci\u00f3n de calidad implementada mejora la imagen urbana, facilita el transporte, reduce el desgaste de los veh\u00edculos y brinda mayor seguridad a quienes transitan diariamente.<\/p>\n<p>\u201cEste avance es resultado de un trabajo constante y del compromiso que tenemos con Camargo. Las calles rehabilitadas son un paso firme hacia una ciudad m\u00e1s funcional y con mejor calidad de vida para todos\u201d, destac\u00f3 Aldana.<br \/>\nCon estas acciones, la administraci\u00f3n municipal reafirma su compromiso de seguir transformando la infraestructura vial y atendiendo de manera directa las necesidades de los camarguenses.<\/p>\n","protected":false},"excerpt":{"rendered":"<p>El presidente municipal Jorge Aldana inform\u00f3 que, en estos cuatro a\u00f1os de su administraci\u00f3n, se han rehabilitado m\u00e1s de 35 calles en distintos sectores de la ciudad, cumpliendo con una de las demandas m\u00e1s sentidas de la poblaci\u00f3n. Estas vialidades, que durante a\u00f1os fueron se\u00f1al de abandono, hoy representan progreso y desarrollo. La pavimentaci\u00f3n de calidad implementada mejora la imagen urbana, facilita el transporte, reduce el desgaste de los veh\u00edculos y brinda mayor seguridad a quienes transitan diariamente. \u201cEste avance es resultado de un trabajo constante y del compromiso que tenemos con Camargo. Las calles rehabilitadas son un paso firme hacia una ciudad m\u00e1s funcional y con mejor calidad de vida para todos\u201d, destac\u00f3 Aldana. Con estas acciones, la administraci\u00f3n municipal reafirma su compromiso de seguir transformando la infraestructura vial y atendiendo de manera directa las necesidades de los camarguenses.<\/p>\n","protected":false},"author":2,"featured_media":17290,"comment_status":"open","ping_status":"open","sticky":false,"template":"","format":"standard","meta":{"_monsterinsights_skip_tracking":false,"_monsterinsights_sitenote_active":false,"_monsterinsights_sitenote_note":"","_monsterinsights_sitenote_category":0,"advanced_seo_description":"","jetpack_seo_html_title":"","jetpack_seo_noindex":false,"_jetpack_memberships_contains_paid_content":false,"footnotes":"","jetpack_publicize_message":"","jetpack_publicize_feature_enabled":true,"jetpack_social_post_already_shared":true,"jetpack_social_options":{"image_generator_settings":{"template":"highway","enabled":false},"version":2}},"categories":[8,135,11],"tags":[],"class_list":["post-17289","post","type-post","status-publish","format-standard","has-post-thumbnail","hentry","category-estado","category-lo-mas-leido","category-principal"],"jetpack_publicize_connections":[],"jetpack_sharing_enabled":true,"jetpack_featured_media_url":"https:\/\/i0.wp.com\/alcierrenoticias.com\/wp-content\/uploads\/2025\/09\/WhatsApp-Image-2025-09-03-at-2.34.25-PM.jpeg?fit=1600%2C1066&ssl=1","amp_enabled":true,"_links":{"self":[{"href":"https:\/\/alcierrenoticias.com\/index.php\/wp-json\/wp\/v2\/posts\/17289","targetHints":{"allow":["GET"]}}],"collection":[{"href":"https:\/\/alcierrenoticias.com\/index.php\/wp-json\/wp\/v2\/posts"}],"about":[{"href":"https:\/\/alcierrenoticias.com\/index.php\/wp-json\/wp\/v2\/types\/post"}],"author":[{"embeddable":true,"href":"https:\/\/alcierrenoticias.com\/index.php\/wp-json\/wp\/v2\/users\/2"}],"replies":[{"embeddable":true,"href":"https:\/\/alcierrenoticias.com\/index.php\/wp-json\/wp\/v2\/comments?post=17289"}],"version-history":[{"count":2,"href":"https:\/\/alcierrenoticias.com\/index.php\/wp-json\/wp\/v2\/posts\/17289\/revisions"}],"predecessor-version":[{"id":17292,"href":"https:\/\/alcierrenoticias.com\/index.php\/wp-json\/wp\/v2\/posts\/17289\/revisions\/17292"}],"wp:featuredmedia":[{"embeddable":true,"href":"https:\/\/alcierrenoticias.com\/index.php\/wp-json\/wp\/v2\/media\/17290"}],"wp:attachment":[{"href":"https:\/\/alcierrenoticias.com\/index.php\/wp-json\/wp\/v2\/media?parent=17289"}],"wp:term":[{"taxonomy":"category","embeddable":true,"href":"https:\/\/alcierrenoticias.com\/index.php\/wp-json\/wp\/v2\/categories?post=17289"},{"taxonomy":"post_tag","embeddable":true,"href":"https:\/\/alcierrenoticias.com\/index.php\/wp-json\/wp\/v2\/tags?post=17289"}],"curies":[{"name":"wp","href":"https:\/\/api.w.org\/{rel}","templated":true}]}}