{"id":17266,"date":"2025-09-02T13:03:04","date_gmt":"2025-09-02T19:03:04","guid":{"rendered":"https:\/\/alcierrenoticias.com\/?p=17266"},"modified":"2025-09-03T13:06:26","modified_gmt":"2025-09-03T19:06:26","slug":"concluyen-con-exito-trabajos-de-bacheo-en-calle-pino-y-calle-15-en-camargo","status":"publish","type":"post","link":"https:\/\/alcierrenoticias.com\/index.php\/2025\/09\/02\/concluyen-con-exito-trabajos-de-bacheo-en-calle-pino-y-calle-15-en-camargo\/","title":{"rendered":"Concluyen con \u00e9xito trabajos de bacheo en calle Pino y calle 15 en Camargo."},"content":{"rendered":"<p>El Gobierno Municipal de Camargo informa que las cuadrillas de bacheo concluyeron satisfactoriamente las labores de reparaci\u00f3n en la calle Pino y calle 15, atendiendo de manera puntual las necesidades de mantenimiento de estas vialidades.<\/p>\n<p>Durante la jornada, el equipo de trabajo aplic\u00f3 el programa \u201cDe tache a cada bache\u201d, el cual tiene como objetivo mejorar la superficie de rodamiento y garantizar un tr\u00e1nsito m\u00e1s seguro y fluido para conductores y peatones.<\/p>\n<p>Con estas acciones, la administraci\u00f3n municipal reafirma su compromiso de seguir trabajando en el mejoramiento de las calles y avenidas, priorizando el bienestar de los habitantes y el cuidado de la infraestructura urbana.<\/p>\n","protected":false},"excerpt":{"rendered":"<p>El Gobierno Municipal de Camargo informa que las cuadrillas de bacheo concluyeron satisfactoriamente las labores de reparaci\u00f3n en la calle Pino y calle 15, atendiendo de manera puntual las necesidades de mantenimiento de estas vialidades. Durante la jornada, el equipo de trabajo aplic\u00f3 el programa \u201cDe tache a cada bache\u201d, el cual tiene como objetivo mejorar la superficie de rodamiento y garantizar un tr\u00e1nsito m\u00e1s seguro y fluido para conductores y peatones. Con estas acciones, la administraci\u00f3n municipal reafirma su compromiso de seguir trabajando en el mejoramiento de las calles y avenidas, priorizando el bienestar de los habitantes y el cuidado de la infraestructura urbana.<\/p>\n","protected":false},"author":2,"featured_media":17268,"comment_status":"open","ping_status":"open","sticky":false,"template":"","format":"standard","meta":{"_monsterinsights_skip_tracking":false,"_monsterinsights_sitenote_active":false,"_monsterinsights_sitenote_note":"","_monsterinsights_sitenote_category":0,"advanced_seo_description":"","jetpack_seo_html_title":"","jetpack_seo_noindex":false,"_jetpack_memberships_contains_paid_content":false,"footnotes":"","jetpack_publicize_message":"","jetpack_publicize_feature_enabled":true,"jetpack_social_post_already_shared":true,"jetpack_social_options":{"image_generator_settings":{"template":"highway","enabled":false},"version":2}},"categories":[8,135,11],"tags":[],"class_list":["post-17266","post","type-post","status-publish","format-standard","has-post-thumbnail","hentry","category-estado","category-lo-mas-leido","category-principal"],"jetpack_publicize_connections":[],"jetpack_sharing_enabled":true,"jetpack_featured_media_url":"https:\/\/i0.wp.com\/alcierrenoticias.com\/wp-content\/uploads\/2025\/09\/WhatsApp-Image-2025-09-02-at-12.37.08-PM.jpeg?fit=1600%2C1066&ssl=1","amp_enabled":true,"_links":{"self":[{"href":"https:\/\/alcierrenoticias.com\/index.php\/wp-json\/wp\/v2\/posts\/17266","targetHints":{"allow":["GET"]}}],"collection":[{"href":"https:\/\/alcierrenoticias.com\/index.php\/wp-json\/wp\/v2\/posts"}],"about":[{"href":"https:\/\/alcierrenoticias.com\/index.php\/wp-json\/wp\/v2\/types\/post"}],"author":[{"embeddable":true,"href":"https:\/\/alcierrenoticias.com\/index.php\/wp-json\/wp\/v2\/users\/2"}],"replies":[{"embeddable":true,"href":"https:\/\/alcierrenoticias.com\/index.php\/wp-json\/wp\/v2\/comments?post=17266"}],"version-history":[{"count":2,"href":"https:\/\/alcierrenoticias.com\/index.php\/wp-json\/wp\/v2\/posts\/17266\/revisions"}],"predecessor-version":[{"id":17269,"href":"https:\/\/alcierrenoticias.com\/index.php\/wp-json\/wp\/v2\/posts\/17266\/revisions\/17269"}],"wp:featuredmedia":[{"embeddable":true,"href":"https:\/\/alcierrenoticias.com\/index.php\/wp-json\/wp\/v2\/media\/17268"}],"wp:attachment":[{"href":"https:\/\/alcierrenoticias.com\/index.php\/wp-json\/wp\/v2\/media?parent=17266"}],"wp:term":[{"taxonomy":"category","embeddable":true,"href":"https:\/\/alcierrenoticias.com\/index.php\/wp-json\/wp\/v2\/categories?post=17266"},{"taxonomy":"post_tag","embeddable":true,"href":"https:\/\/alcierrenoticias.com\/index.php\/wp-json\/wp\/v2\/tags?post=17266"}],"curies":[{"name":"wp","href":"https:\/\/api.w.org\/{rel}","templated":true}]}}