{"id":17251,"date":"2025-09-01T16:18:46","date_gmt":"2025-09-01T22:18:46","guid":{"rendered":"https:\/\/alcierrenoticias.com\/?p=17251"},"modified":"2025-09-01T22:10:10","modified_gmt":"2025-09-02T04:10:10","slug":"sesiona-en-meoqui-mesa-de-seguridad-regional","status":"publish","type":"post","link":"https:\/\/alcierrenoticias.com\/index.php\/2025\/09\/01\/sesiona-en-meoqui-mesa-de-seguridad-regional\/","title":{"rendered":"Sesiona en Meoqui Mesa de Seguridad Regional."},"content":{"rendered":"<p>Continua suma de esfuerzos de los tres niveles de gobierno para mantener la seguridad en la Regi\u00f3n Centro Sur de Chihuahua.<\/p>\n<p>El municipio de Meoqui recibi\u00f3 a los diferentes representantes de las Direcciones de Seguridad P\u00fablica de los municipios de la Regi\u00f3n Centro Sur del estado, as\u00ed como mandos de la Fiscal\u00eda del Estado, la Secretaria de Seguridad P\u00fablica y del nivel federal para la reuni\u00f3n mensual de la Mesa de Seguridad Regional, donde se analizaron incidencias y se reforzaron acuerdos de coordinaci\u00f3n para mantener la tranquilidad que distingue a esta zona del estado.<\/p>\n<p>V\u00edctor Orona, director de Seguridad P\u00fablica de Meoqui, subray\u00f3 que la instrucci\u00f3n de la alcaldesa Miriam Soto es seguir trabajando de la mano con los municipios vecinos para salvaguardar la seguridad de las familias de Meoqui y de toda la regi\u00f3n.<\/p>\n<p>Asimismo, inform\u00f3 que el encuentro result\u00f3 muy productivo, pues permite a los municipios trabajar unidos en estrategias de prevenci\u00f3n y atenci\u00f3n: \u201cEs una de las cosas que se destacan en esta reuni\u00f3n: la tranquilidad que se vive en esta regi\u00f3n. Nos reunimos mes con mes, vemos las incidencias de todos los municipios y trabajamos en coordinaci\u00f3n para seguir teniendo una regi\u00f3n segura y tranquila\u201d, se\u00f1al\u00f3.<\/p>\n<p>Finalmente, el director destac\u00f3 que adem\u00e1s de las reuniones presenciales, los responsables de las corporaciones municipales mantienen comunicaci\u00f3n constante a trav\u00e9s de un chat regional, lo que facilita reaccionar de manera inmediata en caso de alg\u00fan incidente.<\/p>\n","protected":false},"excerpt":{"rendered":"<p>Continua suma de esfuerzos de los tres niveles de gobierno para mantener la seguridad en la Regi\u00f3n Centro Sur de Chihuahua. El municipio de Meoqui recibi\u00f3 a los diferentes representantes de las Direcciones de Seguridad P\u00fablica de los municipios de la Regi\u00f3n Centro Sur del estado, as\u00ed como mandos de la Fiscal\u00eda del Estado, la Secretaria de Seguridad P\u00fablica y del nivel federal para la reuni\u00f3n mensual de la Mesa de Seguridad Regional, donde se analizaron incidencias y se reforzaron acuerdos de coordinaci\u00f3n para mantener la tranquilidad que distingue a esta zona del estado. V\u00edctor Orona, director de Seguridad P\u00fablica de Meoqui, subray\u00f3 que la instrucci\u00f3n de la alcaldesa Miriam Soto es seguir trabajando de la mano con los municipios vecinos para salvaguardar la seguridad de las familias de Meoqui y de toda la regi\u00f3n. Asimismo, inform\u00f3 que el encuentro result\u00f3 muy productivo, pues permite a los municipios trabajar unidos en estrategias de prevenci\u00f3n y atenci\u00f3n: \u201cEs una de las cosas que se destacan en esta reuni\u00f3n: la tranquilidad que se vive en esta regi\u00f3n. Nos reunimos mes con mes, vemos las incidencias de todos los municipios y trabajamos en coordinaci\u00f3n para seguir teniendo una regi\u00f3n segura y tranquila\u201d, se\u00f1al\u00f3. Finalmente, el director destac\u00f3 que adem\u00e1s de las reuniones presenciales, los responsables de las corporaciones municipales mantienen comunicaci\u00f3n constante a trav\u00e9s de un chat regional, lo que facilita reaccionar de manera inmediata en caso de alg\u00fan incidente.<\/p>\n","protected":false},"author":2,"featured_media":17252,"comment_status":"open","ping_status":"open","sticky":false,"template":"","format":"standard","meta":{"_monsterinsights_skip_tracking":false,"_monsterinsights_sitenote_active":false,"_monsterinsights_sitenote_note":"","_monsterinsights_sitenote_category":0,"advanced_seo_description":"","jetpack_seo_html_title":"","jetpack_seo_noindex":false,"_jetpack_memberships_contains_paid_content":false,"footnotes":"","jetpack_publicize_message":"","jetpack_publicize_feature_enabled":true,"jetpack_social_post_already_shared":true,"jetpack_social_options":{"image_generator_settings":{"template":"highway","enabled":false},"version":2}},"categories":[135,7,11],"tags":[],"class_list":["post-17251","post","type-post","status-publish","format-standard","has-post-thumbnail","hentry","category-lo-mas-leido","category-local","category-principal"],"jetpack_publicize_connections":[],"jetpack_sharing_enabled":true,"jetpack_featured_media_url":"https:\/\/i0.wp.com\/alcierrenoticias.com\/wp-content\/uploads\/2025\/09\/WhatsApp-Image-2025-09-01-at-4.05.28-PM.jpeg?fit=1280%2C853&ssl=1","amp_enabled":true,"_links":{"self":[{"href":"https:\/\/alcierrenoticias.com\/index.php\/wp-json\/wp\/v2\/posts\/17251","targetHints":{"allow":["GET"]}}],"collection":[{"href":"https:\/\/alcierrenoticias.com\/index.php\/wp-json\/wp\/v2\/posts"}],"about":[{"href":"https:\/\/alcierrenoticias.com\/index.php\/wp-json\/wp\/v2\/types\/post"}],"author":[{"embeddable":true,"href":"https:\/\/alcierrenoticias.com\/index.php\/wp-json\/wp\/v2\/users\/2"}],"replies":[{"embeddable":true,"href":"https:\/\/alcierrenoticias.com\/index.php\/wp-json\/wp\/v2\/comments?post=17251"}],"version-history":[{"count":2,"href":"https:\/\/alcierrenoticias.com\/index.php\/wp-json\/wp\/v2\/posts\/17251\/revisions"}],"predecessor-version":[{"id":17254,"href":"https:\/\/alcierrenoticias.com\/index.php\/wp-json\/wp\/v2\/posts\/17251\/revisions\/17254"}],"wp:featuredmedia":[{"embeddable":true,"href":"https:\/\/alcierrenoticias.com\/index.php\/wp-json\/wp\/v2\/media\/17252"}],"wp:attachment":[{"href":"https:\/\/alcierrenoticias.com\/index.php\/wp-json\/wp\/v2\/media?parent=17251"}],"wp:term":[{"taxonomy":"category","embeddable":true,"href":"https:\/\/alcierrenoticias.com\/index.php\/wp-json\/wp\/v2\/categories?post=17251"},{"taxonomy":"post_tag","embeddable":true,"href":"https:\/\/alcierrenoticias.com\/index.php\/wp-json\/wp\/v2\/tags?post=17251"}],"curies":[{"name":"wp","href":"https:\/\/api.w.org\/{rel}","templated":true}]}}