{"id":17248,"date":"2025-09-01T14:45:36","date_gmt":"2025-09-01T20:45:36","guid":{"rendered":"https:\/\/alcierrenoticias.com\/?p=17248"},"modified":"2025-09-01T22:08:35","modified_gmt":"2025-09-02T04:08:35","slug":"mejorar-la-red-del-drenaje-favorece-la-salud-publica-juan-carlos-velasco","status":"publish","type":"post","link":"https:\/\/alcierrenoticias.com\/index.php\/2025\/09\/01\/mejorar-la-red-del-drenaje-favorece-la-salud-publica-juan-carlos-velasco\/","title":{"rendered":"Mejorar la red del drenaje favorece la salud p\u00fablica: Juan Carlos Velasco."},"content":{"rendered":"<p>Durante la ma\u00f1ana de este lunes se realiz\u00f3 el acto de arranque para la rehabilitaci\u00f3n de cinco tramos distintos de la red del drenaje, cuya inversi\u00f3n es poco m\u00e1s de 3.3 millones de pesos, sumando casi mil metros lineales los rehabilitados.<\/p>\n<p>Juan Carlos Velasco Ponce, director de la JMAS de Delicias, dijo que estas acciones son posibles gracias al pago puntual de los usuarios y a la capacidad para empatar recursos con otros entes, como el gobierno estatal y la Junta Central de Agua y Saneamiento del Estado.<\/p>\n<p>\u201cPocos realizan este tipo de obras porque son bienes que se quedan bajo tierra, literalmente, luego nadie los ver\u00e1 ni se recordar\u00e1 lo que se hizo, pero nosotros nos sostenemos en llevarlas a cabo a\u00fan y cuando nadie vaya a recordar el bien recibido\u201d, expres\u00f3.<\/p>\n<p>Velasco Ponce destac\u00f3 que estas acciones son parte del Plan de Inversi\u00f3n P\u00fablica 2025, destacando \u201cun gran avance en ello y para diciembre de este a\u00f1o estaremos superando la meta que nos propusimos\u201d.<\/p>\n<p>Los tramos por rehabilitar corresponden a: avenida de la Amistad y avenida Galeana, as\u00ed como las calles S\u00e9ptima oriente, Octava norte y Tercera poniente, esta \u00faltima, lugar donde se realiz\u00f3 el banderazo de obra.<\/p>\n<p>Detall\u00f3 que este beneficio llegar\u00e1 a 30 mil delicienses, subrayando que \u201cal mejorar la red del drenaje se atiende asimismo la salud p\u00fablica por la recolecci\u00f3n y el tratamiento de residuos; por eso es importante sostener el mejor paso en tareas de rehabilitaci\u00f3n en la red del drenaje\u201d.<\/p>\n<p>Velasco Ponce agradeci\u00f3 a la gobernadora Maru Campos y al director ejecutivo de la Junta Central, Mario Mata Carrasco \u2013quien estuvo presente en el acto de arranque- por la buena voluntad mostrada con el organismo a trav\u00e9s de recursos, de soporte t\u00e9cnico e inversiones extraordinarias, como la rehabilitaci\u00f3n del Colector del Fonapo.<\/p>\n","protected":false},"excerpt":{"rendered":"<p>Durante la ma\u00f1ana de este lunes se realiz\u00f3 el acto de arranque para la rehabilitaci\u00f3n de cinco tramos distintos de la red del drenaje, cuya inversi\u00f3n es poco m\u00e1s de 3.3 millones de pesos, sumando casi mil metros lineales los rehabilitados. Juan Carlos Velasco Ponce, director de la JMAS de Delicias, dijo que estas acciones son posibles gracias al pago puntual de los usuarios y a la capacidad para empatar recursos con otros entes, como el gobierno estatal y la Junta Central de Agua y Saneamiento del Estado. \u201cPocos realizan este tipo de obras porque son bienes que se quedan bajo tierra, literalmente, luego nadie los ver\u00e1 ni se recordar\u00e1 lo que se hizo, pero nosotros nos sostenemos en llevarlas a cabo a\u00fan y cuando nadie vaya a recordar el bien recibido\u201d, expres\u00f3. Velasco Ponce destac\u00f3 que estas acciones son parte del Plan de Inversi\u00f3n P\u00fablica 2025, destacando \u201cun gran avance en ello y para diciembre de este a\u00f1o estaremos superando la meta que nos propusimos\u201d. Los tramos por rehabilitar corresponden a: avenida de la Amistad y avenida Galeana, as\u00ed como las calles S\u00e9ptima oriente, Octava norte y Tercera poniente, esta \u00faltima, lugar donde se realiz\u00f3 el banderazo de obra. Detall\u00f3 que este beneficio llegar\u00e1 a 30 mil delicienses, subrayando que \u201cal mejorar la red del drenaje se atiende asimismo la salud p\u00fablica por la recolecci\u00f3n y el tratamiento de residuos; por eso es importante sostener el mejor paso en tareas de rehabilitaci\u00f3n en la red del drenaje\u201d. Velasco Ponce agradeci\u00f3 a la gobernadora Maru Campos y al director ejecutivo de la Junta Central, Mario Mata Carrasco \u2013quien estuvo presente en el acto de arranque- por la buena voluntad mostrada con el organismo a trav\u00e9s de recursos, de soporte t\u00e9cnico e inversiones extraordinarias, como la rehabilitaci\u00f3n del Colector del Fonapo.<\/p>\n","protected":false},"author":2,"featured_media":17249,"comment_status":"open","ping_status":"open","sticky":false,"template":"","format":"standard","meta":{"_monsterinsights_skip_tracking":false,"_monsterinsights_sitenote_active":false,"_monsterinsights_sitenote_note":"","_monsterinsights_sitenote_category":0,"advanced_seo_description":"","jetpack_seo_html_title":"","jetpack_seo_noindex":false,"_jetpack_memberships_contains_paid_content":false,"footnotes":"","jetpack_publicize_message":"","jetpack_publicize_feature_enabled":true,"jetpack_social_post_already_shared":true,"jetpack_social_options":{"image_generator_settings":{"template":"highway","enabled":false},"version":2}},"categories":[135,7,11],"tags":[],"class_list":["post-17248","post","type-post","status-publish","format-standard","has-post-thumbnail","hentry","category-lo-mas-leido","category-local","category-principal"],"jetpack_publicize_connections":[],"jetpack_sharing_enabled":true,"jetpack_featured_media_url":"https:\/\/i0.wp.com\/alcierrenoticias.com\/wp-content\/uploads\/2025\/09\/WhatsApp-Image-2025-09-01-at-2.27.36-PM.jpeg?fit=1280%2C959&ssl=1","amp_enabled":true,"_links":{"self":[{"href":"https:\/\/alcierrenoticias.com\/index.php\/wp-json\/wp\/v2\/posts\/17248","targetHints":{"allow":["GET"]}}],"collection":[{"href":"https:\/\/alcierrenoticias.com\/index.php\/wp-json\/wp\/v2\/posts"}],"about":[{"href":"https:\/\/alcierrenoticias.com\/index.php\/wp-json\/wp\/v2\/types\/post"}],"author":[{"embeddable":true,"href":"https:\/\/alcierrenoticias.com\/index.php\/wp-json\/wp\/v2\/users\/2"}],"replies":[{"embeddable":true,"href":"https:\/\/alcierrenoticias.com\/index.php\/wp-json\/wp\/v2\/comments?post=17248"}],"version-history":[{"count":1,"href":"https:\/\/alcierrenoticias.com\/index.php\/wp-json\/wp\/v2\/posts\/17248\/revisions"}],"predecessor-version":[{"id":17250,"href":"https:\/\/alcierrenoticias.com\/index.php\/wp-json\/wp\/v2\/posts\/17248\/revisions\/17250"}],"wp:featuredmedia":[{"embeddable":true,"href":"https:\/\/alcierrenoticias.com\/index.php\/wp-json\/wp\/v2\/media\/17249"}],"wp:attachment":[{"href":"https:\/\/alcierrenoticias.com\/index.php\/wp-json\/wp\/v2\/media?parent=17248"}],"wp:term":[{"taxonomy":"category","embeddable":true,"href":"https:\/\/alcierrenoticias.com\/index.php\/wp-json\/wp\/v2\/categories?post=17248"},{"taxonomy":"post_tag","embeddable":true,"href":"https:\/\/alcierrenoticias.com\/index.php\/wp-json\/wp\/v2\/tags?post=17248"}],"curies":[{"name":"wp","href":"https:\/\/api.w.org\/{rel}","templated":true}]}}