{"id":17214,"date":"2025-08-30T18:28:53","date_gmt":"2025-08-31T00:28:53","guid":{"rendered":"https:\/\/alcierrenoticias.com\/?p=17214"},"modified":"2025-09-01T19:55:46","modified_gmt":"2025-09-02T01:55:46","slug":"en-meoqui-ya-tenemos-centro-de-rehabilitacion-integral-miriam-soto","status":"publish","type":"post","link":"https:\/\/alcierrenoticias.com\/index.php\/2025\/08\/30\/en-meoqui-ya-tenemos-centro-de-rehabilitacion-integral-miriam-soto\/","title":{"rendered":"En Meoqui, ya tenemos Centro de Rehabilitaci\u00f3n Integral: Miriam Soto."},"content":{"rendered":"<p>Gracias a la suma de voluntades con DIF Estatal, Redondeo en Tiendas OXXO, ciudadan\u00eda y municipio<\/p>\n<p>Durante su a\u00f1o en la Administraci\u00f3n 2024-2027, la alcaldesa Miriam Soto destac\u00f3 la creaci\u00f3n del nuevo Centro de Rehabilitaci\u00f3n Integral (CRI) de Meoqui, obra que calific\u00f3 como un claro ejemplo de que cuando sociedad, gobierno y empresas se unen, se logran grandes resultados en beneficio de las familias.<\/p>\n<p>El proyecto consisti\u00f3 en la transformaci\u00f3n de un edificio abandonado en un espacio digno y equipado, destinado a brindar atenci\u00f3n especializada a quienes m\u00e1s lo necesitan. Con una gesti\u00f3n transparente y visi\u00f3n social, se reunieron recursos econ\u00f3micos y en especie que permitieron hacerlo realidad.<\/p>\n<p>La alcaldesa inform\u00f3 que este logro fue posible gracias a la suma de voluntades de distintas instituciones y sectores:<\/p>\n<p>DIF Estatal<br \/>\n\u25aa Apoyo econ\u00f3mico: $250,000.00<br \/>\n\u25aa Equipamiento especializado: $360,000.00<\/p>\n<p>Presidencia Municipal de Meoqui<br \/>\n\u25aa Inversi\u00f3n directa en obra: $300,000.00<\/p>\n<p>Redondeo OXXO<br \/>\n\u25aa Aportaci\u00f3n recaudada en tiendas de la regi\u00f3n: $371,957.01<\/p>\n<p>\u201cEste Centro es la muestra de que cuando se trabaja con amor y en equipo, las familias de Meoqui tienen mejores oportunidades para salir adelante, con el nuevo CRI, Meoqui cuenta hoy con un espacio que no solo representa infraestructura, sino tambi\u00e9n esperanza y atenci\u00f3n integral para quienes requieren rehabilitaci\u00f3n f\u00edsica y apoyo m\u00e9dico especializado.\u201d, expres\u00f3 la alcaldesa.<\/p>\n","protected":false},"excerpt":{"rendered":"<p>Gracias a la suma de voluntades con DIF Estatal, Redondeo en Tiendas OXXO, ciudadan\u00eda y municipio Durante su a\u00f1o en la Administraci\u00f3n 2024-2027, la alcaldesa Miriam Soto destac\u00f3 la creaci\u00f3n del nuevo Centro de Rehabilitaci\u00f3n Integral (CRI) de Meoqui, obra que calific\u00f3 como un claro ejemplo de que cuando sociedad, gobierno y empresas se unen, se logran grandes resultados en beneficio de las familias. El proyecto consisti\u00f3 en la transformaci\u00f3n de un edificio abandonado en un espacio digno y equipado, destinado a brindar atenci\u00f3n especializada a quienes m\u00e1s lo necesitan. Con una gesti\u00f3n transparente y visi\u00f3n social, se reunieron recursos econ\u00f3micos y en especie que permitieron hacerlo realidad. La alcaldesa inform\u00f3 que este logro fue posible gracias a la suma de voluntades de distintas instituciones y sectores: DIF Estatal \u25aa Apoyo econ\u00f3mico: $250,000.00 \u25aa Equipamiento especializado: $360,000.00 Presidencia Municipal de Meoqui \u25aa Inversi\u00f3n directa en obra: $300,000.00 Redondeo OXXO \u25aa Aportaci\u00f3n recaudada en tiendas de la regi\u00f3n: $371,957.01 \u201cEste Centro es la muestra de que cuando se trabaja con amor y en equipo, las familias de Meoqui tienen mejores oportunidades para salir adelante, con el nuevo CRI, Meoqui cuenta hoy con un espacio que no solo representa infraestructura, sino tambi\u00e9n esperanza y atenci\u00f3n integral para quienes requieren rehabilitaci\u00f3n f\u00edsica y apoyo m\u00e9dico especializado.\u201d, expres\u00f3 la alcaldesa.<\/p>\n","protected":false},"author":2,"featured_media":17215,"comment_status":"open","ping_status":"open","sticky":false,"template":"","format":"standard","meta":{"_monsterinsights_skip_tracking":false,"_monsterinsights_sitenote_active":false,"_monsterinsights_sitenote_note":"","_monsterinsights_sitenote_category":0,"advanced_seo_description":"","jetpack_seo_html_title":"","jetpack_seo_noindex":false,"_jetpack_memberships_contains_paid_content":false,"footnotes":"","jetpack_publicize_message":"","jetpack_publicize_feature_enabled":true,"jetpack_social_post_already_shared":true,"jetpack_social_options":{"image_generator_settings":{"template":"highway","enabled":false},"version":2}},"categories":[135,7,11],"tags":[],"class_list":["post-17214","post","type-post","status-publish","format-standard","has-post-thumbnail","hentry","category-lo-mas-leido","category-local","category-principal"],"jetpack_publicize_connections":[],"jetpack_sharing_enabled":true,"jetpack_featured_media_url":"https:\/\/i0.wp.com\/alcierrenoticias.com\/wp-content\/uploads\/2025\/09\/WhatsApp-Image-2025-08-30-at-5.59.33-PM.jpeg?fit=1600%2C1066&ssl=1","amp_enabled":true,"_links":{"self":[{"href":"https:\/\/alcierrenoticias.com\/index.php\/wp-json\/wp\/v2\/posts\/17214","targetHints":{"allow":["GET"]}}],"collection":[{"href":"https:\/\/alcierrenoticias.com\/index.php\/wp-json\/wp\/v2\/posts"}],"about":[{"href":"https:\/\/alcierrenoticias.com\/index.php\/wp-json\/wp\/v2\/types\/post"}],"author":[{"embeddable":true,"href":"https:\/\/alcierrenoticias.com\/index.php\/wp-json\/wp\/v2\/users\/2"}],"replies":[{"embeddable":true,"href":"https:\/\/alcierrenoticias.com\/index.php\/wp-json\/wp\/v2\/comments?post=17214"}],"version-history":[{"count":2,"href":"https:\/\/alcierrenoticias.com\/index.php\/wp-json\/wp\/v2\/posts\/17214\/revisions"}],"predecessor-version":[{"id":17217,"href":"https:\/\/alcierrenoticias.com\/index.php\/wp-json\/wp\/v2\/posts\/17214\/revisions\/17217"}],"wp:featuredmedia":[{"embeddable":true,"href":"https:\/\/alcierrenoticias.com\/index.php\/wp-json\/wp\/v2\/media\/17215"}],"wp:attachment":[{"href":"https:\/\/alcierrenoticias.com\/index.php\/wp-json\/wp\/v2\/media?parent=17214"}],"wp:term":[{"taxonomy":"category","embeddable":true,"href":"https:\/\/alcierrenoticias.com\/index.php\/wp-json\/wp\/v2\/categories?post=17214"},{"taxonomy":"post_tag","embeddable":true,"href":"https:\/\/alcierrenoticias.com\/index.php\/wp-json\/wp\/v2\/tags?post=17214"}],"curies":[{"name":"wp","href":"https:\/\/api.w.org\/{rel}","templated":true}]}}