{"id":17198,"date":"2025-08-30T11:11:29","date_gmt":"2025-08-30T17:11:29","guid":{"rendered":"https:\/\/alcierrenoticias.com\/?p=17198"},"modified":"2025-09-01T19:51:03","modified_gmt":"2025-09-02T01:51:03","slug":"atienden-a-mas-de-13-mil-personas-con-programas-de-alimentacion-salud-y-cuidados-en-gobierno-de-valenciano","status":"publish","type":"post","link":"https:\/\/alcierrenoticias.com\/index.php\/2025\/08\/30\/atienden-a-mas-de-13-mil-personas-con-programas-de-alimentacion-salud-y-cuidados-en-gobierno-de-valenciano\/","title":{"rendered":"Atienden a m\u00e1s de 13 mil personas con programas de alimentaci\u00f3n, salud y cuidados en gobierno de Valenciano."},"content":{"rendered":"<p>Durante la administraci\u00f3n encabezada por el alcalde Jes\u00fas Valenciano, m\u00e1s de 13,000 personas en situaci\u00f3n de vulnerabilidad recibieron apoyos directos a trav\u00e9s de programas de alimentaci\u00f3n, salud y cuidados, con acciones dirigidas principalmente a las zonas prioritarias de la ciudad.<\/p>\n<p>En los comedores comunitarios, se atendi\u00f3 diariamente a un promedio de 1,500 personas, mientras que m\u00e1s de 4,000 ni\u00f1as y ni\u00f1os recibieron todos los d\u00edas desayunos escolares por parte del DIF Municipal, garantizando as\u00ed una nutrici\u00f3n adecuada para la ni\u00f1ez deliciense.<\/p>\n<p>Con el programa \u201cNi\u00f1os Mejor Cuidados\u201d, se respald\u00f3 a hijos de m\u00e1s de 6,000 familias, ofreciendo espacios educativos seguros mientras sus padres trabajan, lo que permiti\u00f3 brindar tranquilidad a las familias y mejores oportunidades de desarrollo a la infancia.<\/p>\n<p>En materia de salud, el DIF otorg\u00f3 cerca de 17,000 terapias de rehabilitaci\u00f3n y brind\u00f3 m\u00e1s de 5,000 servicios preventivos, fortaleciendo la atenci\u00f3n a adultos mayores, personas con discapacidad y poblaci\u00f3n vulnerable.<\/p>\n<p>El alcalde Jes\u00fas Valenciano destac\u00f3 que estos resultados reflejan el compromiso de su administraci\u00f3n con las familias delicienses, subrayando que la estrategia social estuvo orientada a que nadie se quede atr\u00e1s, consolidando un gobierno cercano y humano que prioriz\u00f3 la atenci\u00f3n integral de quienes m\u00e1s lo necesitaban.<\/p>\n","protected":false},"excerpt":{"rendered":"<p>Durante la administraci\u00f3n encabezada por el alcalde Jes\u00fas Valenciano, m\u00e1s de 13,000 personas en situaci\u00f3n de vulnerabilidad recibieron apoyos directos a trav\u00e9s de programas de alimentaci\u00f3n, salud y cuidados, con acciones dirigidas principalmente a las zonas prioritarias de la ciudad. En los comedores comunitarios, se atendi\u00f3 diariamente a un promedio de 1,500 personas, mientras que m\u00e1s de 4,000 ni\u00f1as y ni\u00f1os recibieron todos los d\u00edas desayunos escolares por parte del DIF Municipal, garantizando as\u00ed una nutrici\u00f3n adecuada para la ni\u00f1ez deliciense. Con el programa \u201cNi\u00f1os Mejor Cuidados\u201d, se respald\u00f3 a hijos de m\u00e1s de 6,000 familias, ofreciendo espacios educativos seguros mientras sus padres trabajan, lo que permiti\u00f3 brindar tranquilidad a las familias y mejores oportunidades de desarrollo a la infancia. En materia de salud, el DIF otorg\u00f3 cerca de 17,000 terapias de rehabilitaci\u00f3n y brind\u00f3 m\u00e1s de 5,000 servicios preventivos, fortaleciendo la atenci\u00f3n a adultos mayores, personas con discapacidad y poblaci\u00f3n vulnerable. El alcalde Jes\u00fas Valenciano destac\u00f3 que estos resultados reflejan el compromiso de su administraci\u00f3n con las familias delicienses, subrayando que la estrategia social estuvo orientada a que nadie se quede atr\u00e1s, consolidando un gobierno cercano y humano que prioriz\u00f3 la atenci\u00f3n integral de quienes m\u00e1s lo necesitaban.<\/p>\n","protected":false},"author":2,"featured_media":17199,"comment_status":"open","ping_status":"open","sticky":false,"template":"","format":"standard","meta":{"_monsterinsights_skip_tracking":false,"_monsterinsights_sitenote_active":false,"_monsterinsights_sitenote_note":"","_monsterinsights_sitenote_category":0,"advanced_seo_description":"","jetpack_seo_html_title":"","jetpack_seo_noindex":false,"_jetpack_memberships_contains_paid_content":false,"footnotes":"","jetpack_publicize_message":"","jetpack_publicize_feature_enabled":true,"jetpack_social_post_already_shared":true,"jetpack_social_options":{"image_generator_settings":{"template":"highway","enabled":false},"version":2}},"categories":[135,7,11],"tags":[],"class_list":["post-17198","post","type-post","status-publish","format-standard","has-post-thumbnail","hentry","category-lo-mas-leido","category-local","category-principal"],"jetpack_publicize_connections":[],"jetpack_sharing_enabled":true,"jetpack_featured_media_url":"https:\/\/i0.wp.com\/alcierrenoticias.com\/wp-content\/uploads\/2025\/09\/WhatsApp-Image-2025-08-30-at-11.00.33-AM.jpeg?fit=1600%2C900&ssl=1","amp_enabled":true,"_links":{"self":[{"href":"https:\/\/alcierrenoticias.com\/index.php\/wp-json\/wp\/v2\/posts\/17198","targetHints":{"allow":["GET"]}}],"collection":[{"href":"https:\/\/alcierrenoticias.com\/index.php\/wp-json\/wp\/v2\/posts"}],"about":[{"href":"https:\/\/alcierrenoticias.com\/index.php\/wp-json\/wp\/v2\/types\/post"}],"author":[{"embeddable":true,"href":"https:\/\/alcierrenoticias.com\/index.php\/wp-json\/wp\/v2\/users\/2"}],"replies":[{"embeddable":true,"href":"https:\/\/alcierrenoticias.com\/index.php\/wp-json\/wp\/v2\/comments?post=17198"}],"version-history":[{"count":2,"href":"https:\/\/alcierrenoticias.com\/index.php\/wp-json\/wp\/v2\/posts\/17198\/revisions"}],"predecessor-version":[{"id":17209,"href":"https:\/\/alcierrenoticias.com\/index.php\/wp-json\/wp\/v2\/posts\/17198\/revisions\/17209"}],"wp:featuredmedia":[{"embeddable":true,"href":"https:\/\/alcierrenoticias.com\/index.php\/wp-json\/wp\/v2\/media\/17199"}],"wp:attachment":[{"href":"https:\/\/alcierrenoticias.com\/index.php\/wp-json\/wp\/v2\/media?parent=17198"}],"wp:term":[{"taxonomy":"category","embeddable":true,"href":"https:\/\/alcierrenoticias.com\/index.php\/wp-json\/wp\/v2\/categories?post=17198"},{"taxonomy":"post_tag","embeddable":true,"href":"https:\/\/alcierrenoticias.com\/index.php\/wp-json\/wp\/v2\/tags?post=17198"}],"curies":[{"name":"wp","href":"https:\/\/api.w.org\/{rel}","templated":true}]}}