{"id":17194,"date":"2025-08-29T18:57:39","date_gmt":"2025-08-30T00:57:39","guid":{"rendered":"https:\/\/alcierrenoticias.com\/?p=17194"},"modified":"2025-09-01T19:49:51","modified_gmt":"2025-09-02T01:49:51","slug":"encabezan-jesus-valenciano-y-alma-limas-emotivo-abrazo-generacional","status":"publish","type":"post","link":"https:\/\/alcierrenoticias.com\/index.php\/2025\/08\/29\/encabezan-jesus-valenciano-y-alma-limas-emotivo-abrazo-generacional\/","title":{"rendered":"Encabezan Jes\u00fas Valenciano y Alma Limas emotivo Abrazo Generacional."},"content":{"rendered":"<p>Con gran emotividad se llev\u00f3 a cabo la actividad organizada por el DIF Municipal en honor a los adultos mayores, donde el presidente Jes\u00fas Valenciano Garc\u00eda y la presidenta del DIF, Alma Limas de Valenciano, encabezaron la jornada que tuvo como acto central un simb\u00f3lico abrazo generacional en el Reloj P\u00fablico de la ciudad.<\/p>\n<p>La iniciativa busc\u00f3 resaltar la importancia de la uni\u00f3n y el respeto entre generaciones. En este marco, dos grupos representativos partieron desde distintos puntos: los adultos mayores lo hicieron desde la Plaza Carranza, simbolizando la sabidur\u00eda, la experiencia y el legado de vida; mientras que los j\u00f3venes iniciaron su recorrido desde la Plaza de Armas, portando la energ\u00eda, la vitalidad y el presente de la comunidad.<\/p>\n<p>Ambos contingentes avanzaron por la calle Central hasta llegar al Reloj P\u00fablico, donde se encontraron en un emotivo momento para estrecharse en el llamado \u201cAbrazo Generacional\u201d. Este gesto represent\u00f3 la uni\u00f3n de la experiencia con la juventud, la gratitud por lo heredado y el compromiso de mantener vivos los valores y la memoria colectiva.<\/p>\n<p>Durante el acto, la presidenta del DIF destac\u00f3 que el respeto hacia los adultos mayores es un pilar fundamental para el desarrollo social, y subray\u00f3 la importancia de generar espacios donde se fomente la convivencia entre distintas edades, fortaleciendo la identidad y los lazos comunitarios.<\/p>\n<p>El evento concluy\u00f3 con un ambiente festivo, lleno de m\u00fasica y convivencia, reafirmando que la uni\u00f3n entre generaciones no solo es un s\u00edmbolo, sino tambi\u00e9n una pr\u00e1ctica que fortalece la armon\u00eda social y la continuidad de la historia compartida.<\/p>\n","protected":false},"excerpt":{"rendered":"<p>Con gran emotividad se llev\u00f3 a cabo la actividad organizada por el DIF Municipal en honor a los adultos mayores, donde el presidente Jes\u00fas Valenciano Garc\u00eda y la presidenta del DIF, Alma Limas de Valenciano, encabezaron la jornada que tuvo como acto central un simb\u00f3lico abrazo generacional en el Reloj P\u00fablico de la ciudad. La iniciativa busc\u00f3 resaltar la importancia de la uni\u00f3n y el respeto entre generaciones. En este marco, dos grupos representativos partieron desde distintos puntos: los adultos mayores lo hicieron desde la Plaza Carranza, simbolizando la sabidur\u00eda, la experiencia y el legado de vida; mientras que los j\u00f3venes iniciaron su recorrido desde la Plaza de Armas, portando la energ\u00eda, la vitalidad y el presente de la comunidad. Ambos contingentes avanzaron por la calle Central hasta llegar al Reloj P\u00fablico, donde se encontraron en un emotivo momento para estrecharse en el llamado \u201cAbrazo Generacional\u201d. Este gesto represent\u00f3 la uni\u00f3n de la experiencia con la juventud, la gratitud por lo heredado y el compromiso de mantener vivos los valores y la memoria colectiva. Durante el acto, la presidenta del DIF destac\u00f3 que el respeto hacia los adultos mayores es un pilar fundamental para el desarrollo social, y subray\u00f3 la importancia de generar espacios donde se fomente la convivencia entre distintas edades, fortaleciendo la identidad y los lazos comunitarios. El evento concluy\u00f3 con un ambiente festivo, lleno de m\u00fasica y convivencia, reafirmando que la uni\u00f3n entre generaciones no solo es un s\u00edmbolo, sino tambi\u00e9n una pr\u00e1ctica que fortalece la armon\u00eda social y la continuidad de la historia compartida.<\/p>\n","protected":false},"author":2,"featured_media":17195,"comment_status":"open","ping_status":"open","sticky":false,"template":"","format":"standard","meta":{"_monsterinsights_skip_tracking":false,"_monsterinsights_sitenote_active":false,"_monsterinsights_sitenote_note":"","_monsterinsights_sitenote_category":0,"advanced_seo_description":"","jetpack_seo_html_title":"","jetpack_seo_noindex":false,"_jetpack_memberships_contains_paid_content":false,"footnotes":"","jetpack_publicize_message":"","jetpack_publicize_feature_enabled":true,"jetpack_social_post_already_shared":true,"jetpack_social_options":{"image_generator_settings":{"template":"highway","enabled":false},"version":2}},"categories":[135,7,11],"tags":[],"class_list":["post-17194","post","type-post","status-publish","format-standard","has-post-thumbnail","hentry","category-lo-mas-leido","category-local","category-principal"],"jetpack_publicize_connections":[],"jetpack_sharing_enabled":true,"jetpack_featured_media_url":"https:\/\/i0.wp.com\/alcierrenoticias.com\/wp-content\/uploads\/2025\/09\/WhatsApp-Image-2025-08-29-at-6.46.19-PM.jpeg?fit=1600%2C1066&ssl=1","amp_enabled":true,"_links":{"self":[{"href":"https:\/\/alcierrenoticias.com\/index.php\/wp-json\/wp\/v2\/posts\/17194","targetHints":{"allow":["GET"]}}],"collection":[{"href":"https:\/\/alcierrenoticias.com\/index.php\/wp-json\/wp\/v2\/posts"}],"about":[{"href":"https:\/\/alcierrenoticias.com\/index.php\/wp-json\/wp\/v2\/types\/post"}],"author":[{"embeddable":true,"href":"https:\/\/alcierrenoticias.com\/index.php\/wp-json\/wp\/v2\/users\/2"}],"replies":[{"embeddable":true,"href":"https:\/\/alcierrenoticias.com\/index.php\/wp-json\/wp\/v2\/comments?post=17194"}],"version-history":[{"count":2,"href":"https:\/\/alcierrenoticias.com\/index.php\/wp-json\/wp\/v2\/posts\/17194\/revisions"}],"predecessor-version":[{"id":17208,"href":"https:\/\/alcierrenoticias.com\/index.php\/wp-json\/wp\/v2\/posts\/17194\/revisions\/17208"}],"wp:featuredmedia":[{"embeddable":true,"href":"https:\/\/alcierrenoticias.com\/index.php\/wp-json\/wp\/v2\/media\/17195"}],"wp:attachment":[{"href":"https:\/\/alcierrenoticias.com\/index.php\/wp-json\/wp\/v2\/media?parent=17194"}],"wp:term":[{"taxonomy":"category","embeddable":true,"href":"https:\/\/alcierrenoticias.com\/index.php\/wp-json\/wp\/v2\/categories?post=17194"},{"taxonomy":"post_tag","embeddable":true,"href":"https:\/\/alcierrenoticias.com\/index.php\/wp-json\/wp\/v2\/tags?post=17194"}],"curies":[{"name":"wp","href":"https:\/\/api.w.org\/{rel}","templated":true}]}}