{"id":17177,"date":"2025-08-29T15:03:39","date_gmt":"2025-08-29T21:03:39","guid":{"rendered":"https:\/\/alcierrenoticias.com\/?p=17177"},"modified":"2025-08-29T15:04:58","modified_gmt":"2025-08-29T21:04:58","slug":"invita-municipio-a-la-gran-inauguracion-de-la-expo-feria-santa-rosalia-2025-800-pm-en-la-puerta-de-la-feria","status":"publish","type":"post","link":"https:\/\/alcierrenoticias.com\/index.php\/2025\/08\/29\/invita-municipio-a-la-gran-inauguracion-de-la-expo-feria-santa-rosalia-2025-800-pm-en-la-puerta-de-la-feria\/","title":{"rendered":"Invita Municipio a la Gran Inauguraci\u00f3n de la Expo Feria Santa Rosal\u00eda 2025: 8:00 PM en la puerta de la feria."},"content":{"rendered":"<p>El Gobierno Municipal de Camargo invita a todas las familias y visitantes a disfrutar de la Gran Inauguraci\u00f3n de la Expo Feria Santa Rosal\u00eda 2025, que se llevar\u00e1 a cabo este viernes 29 de agosto.<\/p>\n<p>Las actividades iniciar\u00e1n a las 8:00 de la noche en la puerta principal de la feria, donde se dar\u00e1 la bienvenida oficial a esta gran celebraci\u00f3n. Posteriormente, a las 9:00 de la noche, se realizar\u00e1 la Coronaci\u00f3n de la Reina de Santa Rosal\u00eda 2025 en el Teatro del Pueblo, un evento que promete ser uno de los momentos m\u00e1s especiales de la noche.<\/p>\n<p>La Expo Feria Santa Rosal\u00eda es una tradici\u00f3n que re\u00fane m\u00fasica, cultura, diversi\u00f3n y convivencia para todas las edades, convirti\u00e9ndose en un punto de encuentro para miles de personas cada a\u00f1o.<\/p>\n<p>El presidente municipal, Jorge Aldana, extendi\u00f3 la invitaci\u00f3n a toda la regi\u00f3n para que asistan y disfruten de las sorpresas que se han preparado: \u201cQueremos que todos vivan esta experiencia, la feria es un espacio para compartir, celebrar y disfrutar juntos\u201d.<\/p>\n","protected":false},"excerpt":{"rendered":"<p>El Gobierno Municipal de Camargo invita a todas las familias y visitantes a disfrutar de la Gran Inauguraci\u00f3n de la Expo Feria Santa Rosal\u00eda 2025, que se llevar\u00e1 a cabo este viernes 29 de agosto. Las actividades iniciar\u00e1n a las 8:00 de la noche en la puerta principal de la feria, donde se dar\u00e1 la bienvenida oficial a esta gran celebraci\u00f3n. Posteriormente, a las 9:00 de la noche, se realizar\u00e1 la Coronaci\u00f3n de la Reina de Santa Rosal\u00eda 2025 en el Teatro del Pueblo, un evento que promete ser uno de los momentos m\u00e1s especiales de la noche. La Expo Feria Santa Rosal\u00eda es una tradici\u00f3n que re\u00fane m\u00fasica, cultura, diversi\u00f3n y convivencia para todas las edades, convirti\u00e9ndose en un punto de encuentro para miles de personas cada a\u00f1o. El presidente municipal, Jorge Aldana, extendi\u00f3 la invitaci\u00f3n a toda la regi\u00f3n para que asistan y disfruten de las sorpresas que se han preparado: \u201cQueremos que todos vivan esta experiencia, la feria es un espacio para compartir, celebrar y disfrutar juntos\u201d.<\/p>\n","protected":false},"author":2,"featured_media":17178,"comment_status":"open","ping_status":"open","sticky":false,"template":"","format":"standard","meta":{"_monsterinsights_skip_tracking":false,"_monsterinsights_sitenote_active":false,"_monsterinsights_sitenote_note":"","_monsterinsights_sitenote_category":0,"advanced_seo_description":"","jetpack_seo_html_title":"","jetpack_seo_noindex":false,"_jetpack_memberships_contains_paid_content":false,"footnotes":"","jetpack_publicize_message":"","jetpack_publicize_feature_enabled":true,"jetpack_social_post_already_shared":true,"jetpack_social_options":{"image_generator_settings":{"template":"highway","enabled":false},"version":2}},"categories":[8,135,11],"tags":[],"class_list":["post-17177","post","type-post","status-publish","format-standard","has-post-thumbnail","hentry","category-estado","category-lo-mas-leido","category-principal"],"jetpack_publicize_connections":[],"jetpack_sharing_enabled":true,"jetpack_featured_media_url":"https:\/\/i0.wp.com\/alcierrenoticias.com\/wp-content\/uploads\/2025\/08\/WhatsApp-Image-2025-08-29-at-2.07.57-PM-e1756501489711.jpeg?fit=500%2C532&ssl=1","amp_enabled":true,"_links":{"self":[{"href":"https:\/\/alcierrenoticias.com\/index.php\/wp-json\/wp\/v2\/posts\/17177","targetHints":{"allow":["GET"]}}],"collection":[{"href":"https:\/\/alcierrenoticias.com\/index.php\/wp-json\/wp\/v2\/posts"}],"about":[{"href":"https:\/\/alcierrenoticias.com\/index.php\/wp-json\/wp\/v2\/types\/post"}],"author":[{"embeddable":true,"href":"https:\/\/alcierrenoticias.com\/index.php\/wp-json\/wp\/v2\/users\/2"}],"replies":[{"embeddable":true,"href":"https:\/\/alcierrenoticias.com\/index.php\/wp-json\/wp\/v2\/comments?post=17177"}],"version-history":[{"count":1,"href":"https:\/\/alcierrenoticias.com\/index.php\/wp-json\/wp\/v2\/posts\/17177\/revisions"}],"predecessor-version":[{"id":17179,"href":"https:\/\/alcierrenoticias.com\/index.php\/wp-json\/wp\/v2\/posts\/17177\/revisions\/17179"}],"wp:featuredmedia":[{"embeddable":true,"href":"https:\/\/alcierrenoticias.com\/index.php\/wp-json\/wp\/v2\/media\/17178"}],"wp:attachment":[{"href":"https:\/\/alcierrenoticias.com\/index.php\/wp-json\/wp\/v2\/media?parent=17177"}],"wp:term":[{"taxonomy":"category","embeddable":true,"href":"https:\/\/alcierrenoticias.com\/index.php\/wp-json\/wp\/v2\/categories?post=17177"},{"taxonomy":"post_tag","embeddable":true,"href":"https:\/\/alcierrenoticias.com\/index.php\/wp-json\/wp\/v2\/tags?post=17177"}],"curies":[{"name":"wp","href":"https:\/\/api.w.org\/{rel}","templated":true}]}}