{"id":17128,"date":"2025-08-27T14:15:48","date_gmt":"2025-08-27T20:15:48","guid":{"rendered":"https:\/\/alcierrenoticias.com\/?p=17128"},"modified":"2025-08-29T14:11:31","modified_gmt":"2025-08-29T20:11:31","slug":"la-salud-mental-salva-vidas-y-ustedes-son-los-primeros-en-tender-la-mano-en-una-crisis-jesus-valenciano-en-taller-de-primeros-auxilios-psicologicos-para-policias-de-delicias","status":"publish","type":"post","link":"https:\/\/alcierrenoticias.com\/index.php\/2025\/08\/27\/la-salud-mental-salva-vidas-y-ustedes-son-los-primeros-en-tender-la-mano-en-una-crisis-jesus-valenciano-en-taller-de-primeros-auxilios-psicologicos-para-policias-de-delicias\/","title":{"rendered":"\u201cLa salud mental salva vidas, y ustedes son los primeros en tender la mano en una crisis\u201d: Jes\u00fas Valenciano en taller de primeros auxilios psicol\u00f3gicos para polic\u00edas de Delicias."},"content":{"rendered":"<p>Con la firme convicci\u00f3n de que la salud mental salva vidas, el presidente municipal de Delicias, Jes\u00fas Valenciano Garc\u00eda, estuvo presente en el inicio del taller de Primeros Auxilios Psicol\u00f3gicos dirigido a elementos de Seguridad P\u00fablica Municipal. Ah\u00ed reconoci\u00f3 su labor como los primeros en dar la cara ante una crisis y les agradeci\u00f3 el compromiso de cuidar, no solo la seguridad, sino tambi\u00e9n la vida y la esperanza de las familias de Delicias.<\/p>\n<p>Durante su mensaje, Valenciano Garc\u00eda destac\u00f3 que, aunque el tema de la salud mental debe trabajarse desde las familias, los primeros en atender estas situaciones son los elementos de seguridad p\u00fablica. \u201cCuenten con que trabajaremos con ustedes en lo que necesiten\u201d, afirm\u00f3, al recordar que se cuenta con una red de terapeutas para canalizar los casos y con el apoyo de organizaciones civiles que ya trabajan en escuelas, principalmente secundarias y bachilleratos.<\/p>\n<p>El taller busca capacitar a polic\u00edas y personal de primera atenci\u00f3n para enfrentar situaciones de crisis psicol\u00f3gica. Los temas abordados incluyen las caracter\u00edsticas de una crisis, los objetivos de los primeros auxilios psicol\u00f3gicos, lo que s\u00ed y lo que no corresponde a esta primera atenci\u00f3n, as\u00ed como la aplicaci\u00f3n de estas t\u00e9cnicas en el contexto de trabajo de los elementos de seguridad p\u00fablica.<\/p>\n<p>Las autoridades locales se\u00f1alaron que el problema del suicidio en la regi\u00f3n es alarmante. Entre las principales causas destacan conflictos familiares o de pareja, as\u00ed como el consumo de alcohol y drogas, factores que incrementan el riesgo en personas que atraviesan cuadros de depresi\u00f3n o ansiedad.<\/p>\n<p>Finalmente, el presidente municipal reiter\u00f3 su compromiso de seguir impulsando acciones conjuntas entre el gobierno municipal, el estado y la sociedad civil para atender la salud mental. \u201cQueremos que ning\u00fan elemento se sienta solo y que cada ciudadano reciba el apoyo que necesita en un momento de crisis. La vida es lo m\u00e1s valioso y juntos debemos protegerla\u201d, concluy\u00f3.<\/p>\n","protected":false},"excerpt":{"rendered":"<p>Con la firme convicci\u00f3n de que la salud mental salva vidas, el presidente municipal de Delicias, Jes\u00fas Valenciano Garc\u00eda, estuvo presente en el inicio del taller de Primeros Auxilios Psicol\u00f3gicos dirigido a elementos de Seguridad P\u00fablica Municipal. Ah\u00ed reconoci\u00f3 su labor como los primeros en dar la cara ante una crisis y les agradeci\u00f3 el compromiso de cuidar, no solo la seguridad, sino tambi\u00e9n la vida y la esperanza de las familias de Delicias. Durante su mensaje, Valenciano Garc\u00eda destac\u00f3 que, aunque el tema de la salud mental debe trabajarse desde las familias, los primeros en atender estas situaciones son los elementos de seguridad p\u00fablica. \u201cCuenten con que trabajaremos con ustedes en lo que necesiten\u201d, afirm\u00f3, al recordar que se cuenta con una red de terapeutas para canalizar los casos y con el apoyo de organizaciones civiles que ya trabajan en escuelas, principalmente secundarias y bachilleratos. El taller busca capacitar a polic\u00edas y personal de primera atenci\u00f3n para enfrentar situaciones de crisis psicol\u00f3gica. Los temas abordados incluyen las caracter\u00edsticas de una crisis, los objetivos de los primeros auxilios psicol\u00f3gicos, lo que s\u00ed y lo que no corresponde a esta primera atenci\u00f3n, as\u00ed como la aplicaci\u00f3n de estas t\u00e9cnicas en el contexto de trabajo de los elementos de seguridad p\u00fablica. Las autoridades locales se\u00f1alaron que el problema del suicidio en la regi\u00f3n es alarmante. Entre las principales causas destacan conflictos familiares o de pareja, as\u00ed como el consumo de alcohol y drogas, factores que incrementan el riesgo en personas que atraviesan cuadros de depresi\u00f3n o ansiedad. Finalmente, el presidente municipal reiter\u00f3 su compromiso de seguir impulsando acciones conjuntas entre el gobierno municipal, el estado y la sociedad civil para atender la salud mental. \u201cQueremos que ning\u00fan elemento se sienta solo y que cada ciudadano reciba el apoyo que necesita en un momento de crisis. La vida es lo m\u00e1s valioso y juntos debemos protegerla\u201d, concluy\u00f3.<\/p>\n","protected":false},"author":2,"featured_media":17129,"comment_status":"open","ping_status":"open","sticky":false,"template":"","format":"standard","meta":{"_monsterinsights_skip_tracking":false,"_monsterinsights_sitenote_active":false,"_monsterinsights_sitenote_note":"","_monsterinsights_sitenote_category":0,"advanced_seo_description":"","jetpack_seo_html_title":"","jetpack_seo_noindex":false,"_jetpack_memberships_contains_paid_content":false,"footnotes":"","jetpack_publicize_message":"","jetpack_publicize_feature_enabled":true,"jetpack_social_post_already_shared":true,"jetpack_social_options":{"image_generator_settings":{"template":"highway","enabled":false},"version":2}},"categories":[135,7,11],"tags":[],"class_list":["post-17128","post","type-post","status-publish","format-standard","has-post-thumbnail","hentry","category-lo-mas-leido","category-local","category-principal"],"jetpack_publicize_connections":[],"jetpack_sharing_enabled":true,"jetpack_featured_media_url":"https:\/\/i0.wp.com\/alcierrenoticias.com\/wp-content\/uploads\/2025\/08\/WhatsApp-Image-2025-08-27-at-1.58.45-PM.jpeg?fit=1600%2C1066&ssl=1","amp_enabled":true,"_links":{"self":[{"href":"https:\/\/alcierrenoticias.com\/index.php\/wp-json\/wp\/v2\/posts\/17128","targetHints":{"allow":["GET"]}}],"collection":[{"href":"https:\/\/alcierrenoticias.com\/index.php\/wp-json\/wp\/v2\/posts"}],"about":[{"href":"https:\/\/alcierrenoticias.com\/index.php\/wp-json\/wp\/v2\/types\/post"}],"author":[{"embeddable":true,"href":"https:\/\/alcierrenoticias.com\/index.php\/wp-json\/wp\/v2\/users\/2"}],"replies":[{"embeddable":true,"href":"https:\/\/alcierrenoticias.com\/index.php\/wp-json\/wp\/v2\/comments?post=17128"}],"version-history":[{"count":2,"href":"https:\/\/alcierrenoticias.com\/index.php\/wp-json\/wp\/v2\/posts\/17128\/revisions"}],"predecessor-version":[{"id":17131,"href":"https:\/\/alcierrenoticias.com\/index.php\/wp-json\/wp\/v2\/posts\/17128\/revisions\/17131"}],"wp:featuredmedia":[{"embeddable":true,"href":"https:\/\/alcierrenoticias.com\/index.php\/wp-json\/wp\/v2\/media\/17129"}],"wp:attachment":[{"href":"https:\/\/alcierrenoticias.com\/index.php\/wp-json\/wp\/v2\/media?parent=17128"}],"wp:term":[{"taxonomy":"category","embeddable":true,"href":"https:\/\/alcierrenoticias.com\/index.php\/wp-json\/wp\/v2\/categories?post=17128"},{"taxonomy":"post_tag","embeddable":true,"href":"https:\/\/alcierrenoticias.com\/index.php\/wp-json\/wp\/v2\/tags?post=17128"}],"curies":[{"name":"wp","href":"https:\/\/api.w.org\/{rel}","templated":true}]}}