{"id":17119,"date":"2025-08-26T19:10:19","date_gmt":"2025-08-27T01:10:19","guid":{"rendered":"https:\/\/alcierrenoticias.com\/?p=17119"},"modified":"2025-08-26T23:12:00","modified_gmt":"2025-08-27T05:12:00","slug":"se-reunen-miriam-soto-y-cenpro-con-grupos-de-la-3er-edad-de-meoqui","status":"publish","type":"post","link":"https:\/\/alcierrenoticias.com\/index.php\/2025\/08\/26\/se-reunen-miriam-soto-y-cenpro-con-grupos-de-la-3er-edad-de-meoqui\/","title":{"rendered":"Se re\u00fanen Miriam Soto y CENPRO con grupos de la 3er edad de Meoqui."},"content":{"rendered":"<p>Buscan fortalecer la organizaci\u00f3n de los grupos, en el marco del D\u00eda del Abuelo<\/p>\n<p>Como parte de los festejos por el D\u00eda del Abuelo, la alcaldesa Miriam Soto sostuvo una reuni\u00f3n con los nueve grupos de la tercera edad del municipio, en la que se cont\u00f3 con la participaci\u00f3n del CENPRO, instituci\u00f3n con la que se trabaja de manera coordinada para brindar orientaci\u00f3n a fin de que los adultos mayores puedan consolidarse como asociaciones civiles.<\/p>\n<p>Miriam Soto explic\u00f3 que este acompa\u00f1amiento busca fortalecer la organizaci\u00f3n de los grupos, muchos de ellos con varios a\u00f1os de trayectoria, para que tengan la posibilidad de trascender en sus actividades y acceder a nuevos programas y fuentes de financiamiento que apoyen sus proyectos.<\/p>\n<p>\u201cEs incre\u00edble el empe\u00f1o y la energ\u00eda que tienen nuestros grupos de adultos mayores. Siempre participan con puntualidad y con ese \u00edmpetu de hacer las cosas bien. Estoy segura de que lograremos muy buenos resultados\u201d, expres\u00f3 la alcaldesa.<\/p>\n<p>La alcaldesa mencion\u00f3 que actualmente en Meoqui existen nueve grupos de la tercera edad, incluido uno de reciente creaci\u00f3n, cuyos integrantes tambi\u00e9n mostraron disposici\u00f3n para participar en este proceso de consolidaci\u00f3n.<\/p>\n<p>Finalmente, Miriam Soto adelant\u00f3 que pr\u00f3ximamente se llevar\u00e1 a cabo la celebraci\u00f3n del D\u00eda del Abuelo, con un baile, convivencia y reconocimientos especiales a los adultos mayores, resaltando su experiencia y aportaci\u00f3n a la comunidad, extendiendo la invitaci\u00f3n a todos los abuelitos de Meoqui a sumarse a estas festividades.<\/p>\n","protected":false},"excerpt":{"rendered":"<p>Buscan fortalecer la organizaci\u00f3n de los grupos, en el marco del D\u00eda del Abuelo Como parte de los festejos por el D\u00eda del Abuelo, la alcaldesa Miriam Soto sostuvo una reuni\u00f3n con los nueve grupos de la tercera edad del municipio, en la que se cont\u00f3 con la participaci\u00f3n del CENPRO, instituci\u00f3n con la que se trabaja de manera coordinada para brindar orientaci\u00f3n a fin de que los adultos mayores puedan consolidarse como asociaciones civiles. Miriam Soto explic\u00f3 que este acompa\u00f1amiento busca fortalecer la organizaci\u00f3n de los grupos, muchos de ellos con varios a\u00f1os de trayectoria, para que tengan la posibilidad de trascender en sus actividades y acceder a nuevos programas y fuentes de financiamiento que apoyen sus proyectos. \u201cEs incre\u00edble el empe\u00f1o y la energ\u00eda que tienen nuestros grupos de adultos mayores. Siempre participan con puntualidad y con ese \u00edmpetu de hacer las cosas bien. Estoy segura de que lograremos muy buenos resultados\u201d, expres\u00f3 la alcaldesa. La alcaldesa mencion\u00f3 que actualmente en Meoqui existen nueve grupos de la tercera edad, incluido uno de reciente creaci\u00f3n, cuyos integrantes tambi\u00e9n mostraron disposici\u00f3n para participar en este proceso de consolidaci\u00f3n. Finalmente, Miriam Soto adelant\u00f3 que pr\u00f3ximamente se llevar\u00e1 a cabo la celebraci\u00f3n del D\u00eda del Abuelo, con un baile, convivencia y reconocimientos especiales a los adultos mayores, resaltando su experiencia y aportaci\u00f3n a la comunidad, extendiendo la invitaci\u00f3n a todos los abuelitos de Meoqui a sumarse a estas festividades.<\/p>\n","protected":false},"author":2,"featured_media":17120,"comment_status":"open","ping_status":"open","sticky":false,"template":"","format":"standard","meta":{"_monsterinsights_skip_tracking":false,"_monsterinsights_sitenote_active":false,"_monsterinsights_sitenote_note":"","_monsterinsights_sitenote_category":0,"advanced_seo_description":"","jetpack_seo_html_title":"","jetpack_seo_noindex":false,"_jetpack_memberships_contains_paid_content":false,"footnotes":"","jetpack_publicize_message":"","jetpack_publicize_feature_enabled":true,"jetpack_social_post_already_shared":true,"jetpack_social_options":{"image_generator_settings":{"template":"highway","enabled":false},"version":2}},"categories":[135,7,11],"tags":[],"class_list":["post-17119","post","type-post","status-publish","format-standard","has-post-thumbnail","hentry","category-lo-mas-leido","category-local","category-principal"],"jetpack_publicize_connections":[],"jetpack_sharing_enabled":true,"jetpack_featured_media_url":"https:\/\/i0.wp.com\/alcierrenoticias.com\/wp-content\/uploads\/2025\/08\/WhatsApp-Image-2025-08-26-at-7.03.34-PM.jpeg?fit=1280%2C853&ssl=1","amp_enabled":true,"_links":{"self":[{"href":"https:\/\/alcierrenoticias.com\/index.php\/wp-json\/wp\/v2\/posts\/17119","targetHints":{"allow":["GET"]}}],"collection":[{"href":"https:\/\/alcierrenoticias.com\/index.php\/wp-json\/wp\/v2\/posts"}],"about":[{"href":"https:\/\/alcierrenoticias.com\/index.php\/wp-json\/wp\/v2\/types\/post"}],"author":[{"embeddable":true,"href":"https:\/\/alcierrenoticias.com\/index.php\/wp-json\/wp\/v2\/users\/2"}],"replies":[{"embeddable":true,"href":"https:\/\/alcierrenoticias.com\/index.php\/wp-json\/wp\/v2\/comments?post=17119"}],"version-history":[{"count":2,"href":"https:\/\/alcierrenoticias.com\/index.php\/wp-json\/wp\/v2\/posts\/17119\/revisions"}],"predecessor-version":[{"id":17122,"href":"https:\/\/alcierrenoticias.com\/index.php\/wp-json\/wp\/v2\/posts\/17119\/revisions\/17122"}],"wp:featuredmedia":[{"embeddable":true,"href":"https:\/\/alcierrenoticias.com\/index.php\/wp-json\/wp\/v2\/media\/17120"}],"wp:attachment":[{"href":"https:\/\/alcierrenoticias.com\/index.php\/wp-json\/wp\/v2\/media?parent=17119"}],"wp:term":[{"taxonomy":"category","embeddable":true,"href":"https:\/\/alcierrenoticias.com\/index.php\/wp-json\/wp\/v2\/categories?post=17119"},{"taxonomy":"post_tag","embeddable":true,"href":"https:\/\/alcierrenoticias.com\/index.php\/wp-json\/wp\/v2\/tags?post=17119"}],"curies":[{"name":"wp","href":"https:\/\/api.w.org\/{rel}","templated":true}]}}