{"id":17115,"date":"2025-08-26T16:28:44","date_gmt":"2025-08-26T22:28:44","guid":{"rendered":"https:\/\/alcierrenoticias.com\/?p=17115"},"modified":"2025-08-26T23:10:06","modified_gmt":"2025-08-27T05:10:06","slug":"realizaran-este-miercoles-jornada-en-el-vientre-materno-en-las-nuevas-instalaciones-de-la-direccion-de-salud-en-meoqui","status":"publish","type":"post","link":"https:\/\/alcierrenoticias.com\/index.php\/2025\/08\/26\/realizaran-este-miercoles-jornada-en-el-vientre-materno-en-las-nuevas-instalaciones-de-la-direccion-de-salud-en-meoqui\/","title":{"rendered":"Realizar\u00e1n este mi\u00e9rcoles jornada \u201cEn el Vientre Materno\u201d en las nuevas instalaciones de la Direcci\u00f3n de Salud en Meoqui."},"content":{"rendered":"<p>Las oficinas est\u00e1n ubicadas en la Col. Villas de San Pedro, donde anteriormente operaba la UBR<\/p>\n<p>Este mi\u00e9rcoles 27 de agosto, en punto de las 9:00 de la ma\u00f1ana, el Gobierno Municipal de Meoqui a trav\u00e9s de la Direcci\u00f3n de Salud llevar\u00e1 a cabo una nueva jornada del programa gratuito \u201cEn el Vientre Materno\u201d, dirigida a mujeres embarazadas del municipio y la regi\u00f3n a realizarse en las instalaciones de la Direcci\u00f3n de Salud, ubicadas en la colonia Villas de San Pedro.<\/p>\n<p>La Dra. Sayuri N\u00fa\u00f1ez, directora de Salud Municipal, inform\u00f3 que este programa, impulsado por la alcaldesa Miriam Soto desde el inicio de su Gobierno, ofrece atenci\u00f3n especializada e individualizada totalmente gratuita, que incluye consultas psicol\u00f3gicas, dentales, nutricionales, m\u00e9dicas generales y ginecol\u00f3gicas, as\u00ed como la realizaci\u00f3n de un ultrasonido obst\u00e9trico a cargo del Dr. Manuel Castillo, m\u00e9dico especialista en ginecolog\u00eda y obstetricia que realiza estas jornadas de manera altruista.<\/p>\n<p>\u201cQueremos invitar a todas las mujeres embarazadas, desde el momento en que se enteran de su embarazo, a que acudan y aprovechen estos servicios. Nuestro objetivo es disminuir la tasa de morbimortalidad materno-fetal y brindar acompa\u00f1amiento integral durante esta etapa tan importante\u201d, se\u00f1al\u00f3 la funcionaria.<\/p>\n<p>Finalmente, la directora de Salud reiter\u00f3 la invitaci\u00f3n a las futuras mam\u00e1s para que asistan este mi\u00e9rcoles 27 de agosto a partir de las 9:00 de la ma\u00f1ana a las oficinas de la Direcci\u00f3n de Salud Municipal, donde recibir\u00e1n atenci\u00f3n sin costo y con la calidad que distingue a este programa.<\/p>\n","protected":false},"excerpt":{"rendered":"<p>Las oficinas est\u00e1n ubicadas en la Col. Villas de San Pedro, donde anteriormente operaba la UBR Este mi\u00e9rcoles 27 de agosto, en punto de las 9:00 de la ma\u00f1ana, el Gobierno Municipal de Meoqui a trav\u00e9s de la Direcci\u00f3n de Salud llevar\u00e1 a cabo una nueva jornada del programa gratuito \u201cEn el Vientre Materno\u201d, dirigida a mujeres embarazadas del municipio y la regi\u00f3n a realizarse en las instalaciones de la Direcci\u00f3n de Salud, ubicadas en la colonia Villas de San Pedro. La Dra. Sayuri N\u00fa\u00f1ez, directora de Salud Municipal, inform\u00f3 que este programa, impulsado por la alcaldesa Miriam Soto desde el inicio de su Gobierno, ofrece atenci\u00f3n especializada e individualizada totalmente gratuita, que incluye consultas psicol\u00f3gicas, dentales, nutricionales, m\u00e9dicas generales y ginecol\u00f3gicas, as\u00ed como la realizaci\u00f3n de un ultrasonido obst\u00e9trico a cargo del Dr. Manuel Castillo, m\u00e9dico especialista en ginecolog\u00eda y obstetricia que realiza estas jornadas de manera altruista. \u201cQueremos invitar a todas las mujeres embarazadas, desde el momento en que se enteran de su embarazo, a que acudan y aprovechen estos servicios. Nuestro objetivo es disminuir la tasa de morbimortalidad materno-fetal y brindar acompa\u00f1amiento integral durante esta etapa tan importante\u201d, se\u00f1al\u00f3 la funcionaria. Finalmente, la directora de Salud reiter\u00f3 la invitaci\u00f3n a las futuras mam\u00e1s para que asistan este mi\u00e9rcoles 27 de agosto a partir de las 9:00 de la ma\u00f1ana a las oficinas de la Direcci\u00f3n de Salud Municipal, donde recibir\u00e1n atenci\u00f3n sin costo y con la calidad que distingue a este programa.<\/p>\n","protected":false},"author":2,"featured_media":17116,"comment_status":"open","ping_status":"open","sticky":false,"template":"","format":"standard","meta":{"_monsterinsights_skip_tracking":false,"_monsterinsights_sitenote_active":false,"_monsterinsights_sitenote_note":"","_monsterinsights_sitenote_category":0,"advanced_seo_description":"","jetpack_seo_html_title":"","jetpack_seo_noindex":false,"_jetpack_memberships_contains_paid_content":false,"footnotes":"","jetpack_publicize_message":"","jetpack_publicize_feature_enabled":true,"jetpack_social_post_already_shared":true,"jetpack_social_options":{"image_generator_settings":{"template":"highway","enabled":false},"version":2}},"categories":[135,7,11],"tags":[],"class_list":["post-17115","post","type-post","status-publish","format-standard","has-post-thumbnail","hentry","category-lo-mas-leido","category-local","category-principal"],"jetpack_publicize_connections":[],"jetpack_sharing_enabled":true,"jetpack_featured_media_url":"https:\/\/i0.wp.com\/alcierrenoticias.com\/wp-content\/uploads\/2025\/08\/WhatsApp-Image-2025-08-26-at-4.11.31-PM.jpeg?fit=1280%2C853&ssl=1","amp_enabled":true,"_links":{"self":[{"href":"https:\/\/alcierrenoticias.com\/index.php\/wp-json\/wp\/v2\/posts\/17115","targetHints":{"allow":["GET"]}}],"collection":[{"href":"https:\/\/alcierrenoticias.com\/index.php\/wp-json\/wp\/v2\/posts"}],"about":[{"href":"https:\/\/alcierrenoticias.com\/index.php\/wp-json\/wp\/v2\/types\/post"}],"author":[{"embeddable":true,"href":"https:\/\/alcierrenoticias.com\/index.php\/wp-json\/wp\/v2\/users\/2"}],"replies":[{"embeddable":true,"href":"https:\/\/alcierrenoticias.com\/index.php\/wp-json\/wp\/v2\/comments?post=17115"}],"version-history":[{"count":2,"href":"https:\/\/alcierrenoticias.com\/index.php\/wp-json\/wp\/v2\/posts\/17115\/revisions"}],"predecessor-version":[{"id":17118,"href":"https:\/\/alcierrenoticias.com\/index.php\/wp-json\/wp\/v2\/posts\/17115\/revisions\/17118"}],"wp:featuredmedia":[{"embeddable":true,"href":"https:\/\/alcierrenoticias.com\/index.php\/wp-json\/wp\/v2\/media\/17116"}],"wp:attachment":[{"href":"https:\/\/alcierrenoticias.com\/index.php\/wp-json\/wp\/v2\/media?parent=17115"}],"wp:term":[{"taxonomy":"category","embeddable":true,"href":"https:\/\/alcierrenoticias.com\/index.php\/wp-json\/wp\/v2\/categories?post=17115"},{"taxonomy":"post_tag","embeddable":true,"href":"https:\/\/alcierrenoticias.com\/index.php\/wp-json\/wp\/v2\/tags?post=17115"}],"curies":[{"name":"wp","href":"https:\/\/api.w.org\/{rel}","templated":true}]}}