{"id":17107,"date":"2025-08-26T14:15:13","date_gmt":"2025-08-26T20:15:13","guid":{"rendered":"https:\/\/alcierrenoticias.com\/?p=17107"},"modified":"2025-08-26T23:06:38","modified_gmt":"2025-08-27T05:06:38","slug":"encabeza-valenciano-inicio-de-distribucion-de-mas-de-56-mil-libros-de-texto","status":"publish","type":"post","link":"https:\/\/alcierrenoticias.com\/index.php\/2025\/08\/26\/encabeza-valenciano-inicio-de-distribucion-de-mas-de-56-mil-libros-de-texto\/","title":{"rendered":"Encabeza Valenciano inicio de distribuci\u00f3n de m\u00e1s de 56 mil libros de texto."},"content":{"rendered":"<p>El presidente municipal de Delicias, Jes\u00fas Valenciano Garc\u00eda, encabez\u00f3 en la Bodega del Libro al norte de la ciudad el inicio de la distribuci\u00f3n de libros de texto gratuitos que llegar\u00e1n a todas las escuelas de Delicias y la regi\u00f3n centro sur. En el arranque tambi\u00e9n estuvieron presentes el presidente municipal de Rosales, Jos\u00e9 Andujo, as\u00ed como autoridades educativas de los sistemas federal y estatal.<\/p>\n<p>La entrega contempla la cobertura para m\u00e1s de 33 mil alumnos del sistema federal y 23 mil 500 del estatal, quienes forman parte del pr\u00f3ximo ciclo escolar. Los lotes incluyen materiales para los niveles de preescolar, primaria y secundaria, garantizando que cada estudiante cuente con las herramientas necesarias para su aprendizaje.<\/p>\n<p>En representaci\u00f3n de las autoridades educativas, Mario Proa, del sistema federal, y el profesor Ricardo Robles, del sistema estatal, agradecieron el respaldo del Gobierno del Estado y de la gobernadora Maru Campos para asegurar que los materiales lleguen en tiempo y forma a los planteles escolares.<\/p>\n<p>Durante su mensaje, Valenciano Garc\u00eda record\u00f3 que este lunes primero de septiembre ser\u00e1 el regreso a clases en todo el estado, y destac\u00f3 que, adem\u00e1s de los libros, los alumnos de primaria y secundaria recibir\u00e1n la dotaci\u00f3n completa de \u00fatiles escolares. A este esfuerzo se suma el programa \u201c\u00datiles que son \u00datiles\u201d del DIF Delicias, mediante el cual se entregar\u00e1n 5 mil paquetes escolares adicionales a familias en situaci\u00f3n vulnerable.<\/p>\n<p>Finalmente, el alcalde subray\u00f3 la importancia de garantizar la igualdad de oportunidades en la educaci\u00f3n. \u201cQue ning\u00fan ni\u00f1o o ni\u00f1a se quede sin libros ni \u00fatiles para estudiar es una de las prioridades de nuestro gobierno\u201d, expres\u00f3, al refrendar el compromiso de seguir trabajando en coordinaci\u00f3n con las autoridades estatales y municipales de la regi\u00f3n.<\/p>\n","protected":false},"excerpt":{"rendered":"<p>El presidente municipal de Delicias, Jes\u00fas Valenciano Garc\u00eda, encabez\u00f3 en la Bodega del Libro al norte de la ciudad el inicio de la distribuci\u00f3n de libros de texto gratuitos que llegar\u00e1n a todas las escuelas de Delicias y la regi\u00f3n centro sur. En el arranque tambi\u00e9n estuvieron presentes el presidente municipal de Rosales, Jos\u00e9 Andujo, as\u00ed como autoridades educativas de los sistemas federal y estatal. La entrega contempla la cobertura para m\u00e1s de 33 mil alumnos del sistema federal y 23 mil 500 del estatal, quienes forman parte del pr\u00f3ximo ciclo escolar. Los lotes incluyen materiales para los niveles de preescolar, primaria y secundaria, garantizando que cada estudiante cuente con las herramientas necesarias para su aprendizaje. En representaci\u00f3n de las autoridades educativas, Mario Proa, del sistema federal, y el profesor Ricardo Robles, del sistema estatal, agradecieron el respaldo del Gobierno del Estado y de la gobernadora Maru Campos para asegurar que los materiales lleguen en tiempo y forma a los planteles escolares. Durante su mensaje, Valenciano Garc\u00eda record\u00f3 que este lunes primero de septiembre ser\u00e1 el regreso a clases en todo el estado, y destac\u00f3 que, adem\u00e1s de los libros, los alumnos de primaria y secundaria recibir\u00e1n la dotaci\u00f3n completa de \u00fatiles escolares. A este esfuerzo se suma el programa \u201c\u00datiles que son \u00datiles\u201d del DIF Delicias, mediante el cual se entregar\u00e1n 5 mil paquetes escolares adicionales a familias en situaci\u00f3n vulnerable. Finalmente, el alcalde subray\u00f3 la importancia de garantizar la igualdad de oportunidades en la educaci\u00f3n. \u201cQue ning\u00fan ni\u00f1o o ni\u00f1a se quede sin libros ni \u00fatiles para estudiar es una de las prioridades de nuestro gobierno\u201d, expres\u00f3, al refrendar el compromiso de seguir trabajando en coordinaci\u00f3n con las autoridades estatales y municipales de la regi\u00f3n.<\/p>\n","protected":false},"author":2,"featured_media":17108,"comment_status":"open","ping_status":"open","sticky":false,"template":"","format":"standard","meta":{"_monsterinsights_skip_tracking":false,"_monsterinsights_sitenote_active":false,"_monsterinsights_sitenote_note":"","_monsterinsights_sitenote_category":0,"advanced_seo_description":"","jetpack_seo_html_title":"","jetpack_seo_noindex":false,"_jetpack_memberships_contains_paid_content":false,"footnotes":"","jetpack_publicize_message":"","jetpack_publicize_feature_enabled":true,"jetpack_social_post_already_shared":true,"jetpack_social_options":{"image_generator_settings":{"template":"highway","enabled":false},"version":2}},"categories":[135,7,11],"tags":[],"class_list":["post-17107","post","type-post","status-publish","format-standard","has-post-thumbnail","hentry","category-lo-mas-leido","category-local","category-principal"],"jetpack_publicize_connections":[],"jetpack_sharing_enabled":true,"jetpack_featured_media_url":"https:\/\/i0.wp.com\/alcierrenoticias.com\/wp-content\/uploads\/2025\/08\/WhatsApp-Image-2025-08-26-at-2.10.44-PM.jpeg?fit=1600%2C1066&ssl=1","amp_enabled":true,"_links":{"self":[{"href":"https:\/\/alcierrenoticias.com\/index.php\/wp-json\/wp\/v2\/posts\/17107","targetHints":{"allow":["GET"]}}],"collection":[{"href":"https:\/\/alcierrenoticias.com\/index.php\/wp-json\/wp\/v2\/posts"}],"about":[{"href":"https:\/\/alcierrenoticias.com\/index.php\/wp-json\/wp\/v2\/types\/post"}],"author":[{"embeddable":true,"href":"https:\/\/alcierrenoticias.com\/index.php\/wp-json\/wp\/v2\/users\/2"}],"replies":[{"embeddable":true,"href":"https:\/\/alcierrenoticias.com\/index.php\/wp-json\/wp\/v2\/comments?post=17107"}],"version-history":[{"count":2,"href":"https:\/\/alcierrenoticias.com\/index.php\/wp-json\/wp\/v2\/posts\/17107\/revisions"}],"predecessor-version":[{"id":17110,"href":"https:\/\/alcierrenoticias.com\/index.php\/wp-json\/wp\/v2\/posts\/17107\/revisions\/17110"}],"wp:featuredmedia":[{"embeddable":true,"href":"https:\/\/alcierrenoticias.com\/index.php\/wp-json\/wp\/v2\/media\/17108"}],"wp:attachment":[{"href":"https:\/\/alcierrenoticias.com\/index.php\/wp-json\/wp\/v2\/media?parent=17107"}],"wp:term":[{"taxonomy":"category","embeddable":true,"href":"https:\/\/alcierrenoticias.com\/index.php\/wp-json\/wp\/v2\/categories?post=17107"},{"taxonomy":"post_tag","embeddable":true,"href":"https:\/\/alcierrenoticias.com\/index.php\/wp-json\/wp\/v2\/tags?post=17107"}],"curies":[{"name":"wp","href":"https:\/\/api.w.org\/{rel}","templated":true}]}}