{"id":17098,"date":"2025-08-26T12:52:47","date_gmt":"2025-08-26T18:52:47","guid":{"rendered":"https:\/\/alcierrenoticias.com\/?p=17098"},"modified":"2025-08-26T12:52:47","modified_gmt":"2025-08-26T18:52:47","slug":"ha-sido-un-ano-con-mas-resultados-para-camargo-jorge-aldana-listo-para-rendir-su-informe-de-trabajo","status":"publish","type":"post","link":"https:\/\/alcierrenoticias.com\/index.php\/2025\/08\/26\/ha-sido-un-ano-con-mas-resultados-para-camargo-jorge-aldana-listo-para-rendir-su-informe-de-trabajo\/","title":{"rendered":"\u201cHa sido un a\u00f1o con M\u00c1S resultados para Camargo\u201d: Jorge Aldana, listo para rendir su informe de trabajo."},"content":{"rendered":"<p>El presidente municipal Jorge Aldana se declar\u00f3 listo para rendir su primer informe de resultados de la segunda administraci\u00f3n a su cargo, en el que presentar\u00e1 los avances y logros obtenidos durante este a\u00f1o de trabajo.<br \/>\nLa sesi\u00f3n solemne de cabildo se llevar\u00e1 a cabo el pr\u00f3ximo martes 10 de septiembre en la Sala de Cabildo, mientras que el evento p\u00fablico se realizar\u00e1 el jueves 11 de septiembre en el Auditorio Municipal, donde se dar\u00e1 a conocer de manera amplia el estado que guarda la administraci\u00f3n.<\/p>\n<p>En su informe, el alcalde abordar\u00e1 los resultados alcanzados en los cinco ejes del Plan Municipal de Desarrollo 2024-2027:<br \/>\n\u2022 M\u00e1s tranquilidad para Camargo<br \/>\n\u2022 Camargo m\u00e1s activo<br \/>\n\u2022 Camargo m\u00e1s bonito<br \/>\n\u2022 Camargo con m\u00e1s vida<br \/>\n\u2022 Administraci\u00f3n m\u00e1s eficiente<br \/>\nEntre los logros m\u00e1s destacados se encuentran la inversi\u00f3n en seguridad p\u00fablica, el fortalecimiento de los espacios deportivos, la pavimentaci\u00f3n, la entrega de apoyos sociales a familias camarguenses, el impulso al campo y la reactivaci\u00f3n econ\u00f3mica. Asimismo, se resaltar\u00e1n las decisiones tomadas para garantizar la viabilidad financiera del municipio a mediano y largo plazo.<\/p>\n<p>Con este ejercicio de transparencia y rendici\u00f3n de cuentas, el Gobierno Municipal reafirma su compromiso con las familias de Camargo, consolidando acciones que generan desarrollo y bienestar para toda la comunidad.<\/p>\n","protected":false},"excerpt":{"rendered":"<p>El presidente municipal Jorge Aldana se declar\u00f3 listo para rendir su primer informe de resultados de la segunda administraci\u00f3n a su cargo, en el que presentar\u00e1 los avances y logros obtenidos durante este a\u00f1o de trabajo. La sesi\u00f3n solemne de cabildo se llevar\u00e1 a cabo el pr\u00f3ximo martes 10 de septiembre en la Sala de Cabildo, mientras que el evento p\u00fablico se realizar\u00e1 el jueves 11 de septiembre en el Auditorio Municipal, donde se dar\u00e1 a conocer de manera amplia el estado que guarda la administraci\u00f3n. En su informe, el alcalde abordar\u00e1 los resultados alcanzados en los cinco ejes del Plan Municipal de Desarrollo 2024-2027: \u2022 M\u00e1s tranquilidad para Camargo \u2022 Camargo m\u00e1s activo \u2022 Camargo m\u00e1s bonito \u2022 Camargo con m\u00e1s vida \u2022 Administraci\u00f3n m\u00e1s eficiente Entre los logros m\u00e1s destacados se encuentran la inversi\u00f3n en seguridad p\u00fablica, el fortalecimiento de los espacios deportivos, la pavimentaci\u00f3n, la entrega de apoyos sociales a familias camarguenses, el impulso al campo y la reactivaci\u00f3n econ\u00f3mica. Asimismo, se resaltar\u00e1n las decisiones tomadas para garantizar la viabilidad financiera del municipio a mediano y largo plazo. Con este ejercicio de transparencia y rendici\u00f3n de cuentas, el Gobierno Municipal reafirma su compromiso con las familias de Camargo, consolidando acciones que generan desarrollo y bienestar para toda la comunidad.<\/p>\n","protected":false},"author":2,"featured_media":17099,"comment_status":"open","ping_status":"open","sticky":false,"template":"","format":"standard","meta":{"_monsterinsights_skip_tracking":false,"_monsterinsights_sitenote_active":false,"_monsterinsights_sitenote_note":"","_monsterinsights_sitenote_category":0,"advanced_seo_description":"","jetpack_seo_html_title":"","jetpack_seo_noindex":false,"_jetpack_memberships_contains_paid_content":false,"footnotes":"","jetpack_publicize_message":"","jetpack_publicize_feature_enabled":true,"jetpack_social_post_already_shared":true,"jetpack_social_options":{"image_generator_settings":{"template":"highway","enabled":false},"version":2}},"categories":[8,135,11],"tags":[],"class_list":["post-17098","post","type-post","status-publish","format-standard","has-post-thumbnail","hentry","category-estado","category-lo-mas-leido","category-principal"],"jetpack_publicize_connections":[],"jetpack_sharing_enabled":true,"jetpack_featured_media_url":"https:\/\/i0.wp.com\/alcierrenoticias.com\/wp-content\/uploads\/2025\/08\/WhatsApp-Image-2025-08-26-at-10.16.14-AM.jpeg?fit=1600%2C1066&ssl=1","amp_enabled":true,"_links":{"self":[{"href":"https:\/\/alcierrenoticias.com\/index.php\/wp-json\/wp\/v2\/posts\/17098","targetHints":{"allow":["GET"]}}],"collection":[{"href":"https:\/\/alcierrenoticias.com\/index.php\/wp-json\/wp\/v2\/posts"}],"about":[{"href":"https:\/\/alcierrenoticias.com\/index.php\/wp-json\/wp\/v2\/types\/post"}],"author":[{"embeddable":true,"href":"https:\/\/alcierrenoticias.com\/index.php\/wp-json\/wp\/v2\/users\/2"}],"replies":[{"embeddable":true,"href":"https:\/\/alcierrenoticias.com\/index.php\/wp-json\/wp\/v2\/comments?post=17098"}],"version-history":[{"count":1,"href":"https:\/\/alcierrenoticias.com\/index.php\/wp-json\/wp\/v2\/posts\/17098\/revisions"}],"predecessor-version":[{"id":17100,"href":"https:\/\/alcierrenoticias.com\/index.php\/wp-json\/wp\/v2\/posts\/17098\/revisions\/17100"}],"wp:featuredmedia":[{"embeddable":true,"href":"https:\/\/alcierrenoticias.com\/index.php\/wp-json\/wp\/v2\/media\/17099"}],"wp:attachment":[{"href":"https:\/\/alcierrenoticias.com\/index.php\/wp-json\/wp\/v2\/media?parent=17098"}],"wp:term":[{"taxonomy":"category","embeddable":true,"href":"https:\/\/alcierrenoticias.com\/index.php\/wp-json\/wp\/v2\/categories?post=17098"},{"taxonomy":"post_tag","embeddable":true,"href":"https:\/\/alcierrenoticias.com\/index.php\/wp-json\/wp\/v2\/tags?post=17098"}],"curies":[{"name":"wp","href":"https:\/\/api.w.org\/{rel}","templated":true}]}}