{"id":17068,"date":"2025-08-23T13:18:27","date_gmt":"2025-08-23T19:18:27","guid":{"rendered":"https:\/\/alcierrenoticias.com\/?p=17068"},"modified":"2025-08-26T12:23:15","modified_gmt":"2025-08-26T18:23:15","slug":"entrega-presidenta-del-dif-alma-limas-de-valenciano-zapatos-y-utiles-escolares-a-hijos-de-jornaleros","status":"publish","type":"post","link":"https:\/\/alcierrenoticias.com\/index.php\/2025\/08\/23\/entrega-presidenta-del-dif-alma-limas-de-valenciano-zapatos-y-utiles-escolares-a-hijos-de-jornaleros\/","title":{"rendered":"Entrega presidenta del DIF Alma Limas de Valenciano zapatos y \u00fatiles escolares a hijos de jornaleros."},"content":{"rendered":"<p>La presidenta del Sistema DIF Municipal, Alma Limas de Valenciano, acudi\u00f3 a la Guarder\u00eda Crece y Brilla de la colonia Campesina, donde entreg\u00f3 \u00fatiles escolares y zapatos a los ni\u00f1os que ah\u00ed reciben atenci\u00f3n. La mayor\u00eda de los peque\u00f1os son hijos de jornaleros agr\u00edcolas que llegan a la regi\u00f3n durante las temporadas de trabajo en el campo.<\/p>\n<p>Durante la visita, Alma Limas de Valenciano destac\u00f3 la importancia de garantizar que todos los ni\u00f1os tengan acceso a la educaci\u00f3n, sin importar la situaci\u00f3n laboral o econ\u00f3mica de sus familias. Se\u00f1al\u00f3 que estas acciones buscan apoyar a los menores para que contin\u00faen su desarrollo acad\u00e9mico en mejores condiciones.<\/p>\n<p>Los paquetes entregados incluyeron mochilas, \u00fatiles escolares y calzado, art\u00edculos que ser\u00e1n de gran ayuda para las familias de los jornaleros, quienes enfrentan largas jornadas en la agricultura. Los ni\u00f1os, mientras tanto, permanecen en la guarder\u00eda donde maestras y cuidadoras los gu\u00edan con actividades educativas.<\/p>\n<p>La presidenta del DIF reiter\u00f3 que este esfuerzo es parte del compromiso de la instituci\u00f3n y empresas locales con la ni\u00f1ez, especialmente de quienes viven en circunstancias de vulnerabilidad. Subray\u00f3 que la educaci\u00f3n es un derecho fundamental que debe garantizarse para todos.<\/p>\n","protected":false},"excerpt":{"rendered":"<p>La presidenta del Sistema DIF Municipal, Alma Limas de Valenciano, acudi\u00f3 a la Guarder\u00eda Crece y Brilla de la colonia Campesina, donde entreg\u00f3 \u00fatiles escolares y zapatos a los ni\u00f1os que ah\u00ed reciben atenci\u00f3n. La mayor\u00eda de los peque\u00f1os son hijos de jornaleros agr\u00edcolas que llegan a la regi\u00f3n durante las temporadas de trabajo en el campo. Durante la visita, Alma Limas de Valenciano destac\u00f3 la importancia de garantizar que todos los ni\u00f1os tengan acceso a la educaci\u00f3n, sin importar la situaci\u00f3n laboral o econ\u00f3mica de sus familias. Se\u00f1al\u00f3 que estas acciones buscan apoyar a los menores para que contin\u00faen su desarrollo acad\u00e9mico en mejores condiciones. Los paquetes entregados incluyeron mochilas, \u00fatiles escolares y calzado, art\u00edculos que ser\u00e1n de gran ayuda para las familias de los jornaleros, quienes enfrentan largas jornadas en la agricultura. Los ni\u00f1os, mientras tanto, permanecen en la guarder\u00eda donde maestras y cuidadoras los gu\u00edan con actividades educativas. La presidenta del DIF reiter\u00f3 que este esfuerzo es parte del compromiso de la instituci\u00f3n y empresas locales con la ni\u00f1ez, especialmente de quienes viven en circunstancias de vulnerabilidad. Subray\u00f3 que la educaci\u00f3n es un derecho fundamental que debe garantizarse para todos.<\/p>\n","protected":false},"author":2,"featured_media":17069,"comment_status":"open","ping_status":"open","sticky":false,"template":"","format":"standard","meta":{"_monsterinsights_skip_tracking":false,"_monsterinsights_sitenote_active":false,"_monsterinsights_sitenote_note":"","_monsterinsights_sitenote_category":0,"advanced_seo_description":"","jetpack_seo_html_title":"","jetpack_seo_noindex":false,"_jetpack_memberships_contains_paid_content":false,"footnotes":"","jetpack_publicize_message":"","jetpack_publicize_feature_enabled":true,"jetpack_social_post_already_shared":true,"jetpack_social_options":{"image_generator_settings":{"template":"highway","enabled":false},"version":2}},"categories":[135,7,11],"tags":[],"class_list":["post-17068","post","type-post","status-publish","format-standard","has-post-thumbnail","hentry","category-lo-mas-leido","category-local","category-principal"],"jetpack_publicize_connections":[],"jetpack_sharing_enabled":true,"jetpack_featured_media_url":"https:\/\/i0.wp.com\/alcierrenoticias.com\/wp-content\/uploads\/2025\/08\/WhatsApp-Image-2025-08-23-at-12.54.17-PM-scaled.jpeg?fit=2560%2C1920&ssl=1","amp_enabled":true,"_links":{"self":[{"href":"https:\/\/alcierrenoticias.com\/index.php\/wp-json\/wp\/v2\/posts\/17068","targetHints":{"allow":["GET"]}}],"collection":[{"href":"https:\/\/alcierrenoticias.com\/index.php\/wp-json\/wp\/v2\/posts"}],"about":[{"href":"https:\/\/alcierrenoticias.com\/index.php\/wp-json\/wp\/v2\/types\/post"}],"author":[{"embeddable":true,"href":"https:\/\/alcierrenoticias.com\/index.php\/wp-json\/wp\/v2\/users\/2"}],"replies":[{"embeddable":true,"href":"https:\/\/alcierrenoticias.com\/index.php\/wp-json\/wp\/v2\/comments?post=17068"}],"version-history":[{"count":2,"href":"https:\/\/alcierrenoticias.com\/index.php\/wp-json\/wp\/v2\/posts\/17068\/revisions"}],"predecessor-version":[{"id":17071,"href":"https:\/\/alcierrenoticias.com\/index.php\/wp-json\/wp\/v2\/posts\/17068\/revisions\/17071"}],"wp:featuredmedia":[{"embeddable":true,"href":"https:\/\/alcierrenoticias.com\/index.php\/wp-json\/wp\/v2\/media\/17069"}],"wp:attachment":[{"href":"https:\/\/alcierrenoticias.com\/index.php\/wp-json\/wp\/v2\/media?parent=17068"}],"wp:term":[{"taxonomy":"category","embeddable":true,"href":"https:\/\/alcierrenoticias.com\/index.php\/wp-json\/wp\/v2\/categories?post=17068"},{"taxonomy":"post_tag","embeddable":true,"href":"https:\/\/alcierrenoticias.com\/index.php\/wp-json\/wp\/v2\/tags?post=17068"}],"curies":[{"name":"wp","href":"https:\/\/api.w.org\/{rel}","templated":true}]}}