{"id":17036,"date":"2025-08-22T11:08:54","date_gmt":"2025-08-22T17:08:54","guid":{"rendered":"https:\/\/alcierrenoticias.com\/?p=17036"},"modified":"2025-08-22T14:00:45","modified_gmt":"2025-08-22T20:00:45","slug":"jorge-aldana-entrega-apoyo-para-reparacion-de-techo-en-la-comunidad-el-tecuan","status":"publish","type":"post","link":"https:\/\/alcierrenoticias.com\/index.php\/2025\/08\/22\/jorge-aldana-entrega-apoyo-para-reparacion-de-techo-en-la-comunidad-el-tecuan\/","title":{"rendered":"Jorge Aldana entrega apoyo para reparaci\u00f3n de techo en la comunidad El Tecuan."},"content":{"rendered":"<p>Como parte del compromiso de la Presidencia Municipal con las familias camarguenses, Jorge Aldana visit\u00f3 la comunidad El Tecuan para brindar apoyo al se\u00f1or Leandro Galindo, cuyo techo de vivienda colaps\u00f3 completamente.<\/p>\n<p>Durante la visita, se le entregaron l\u00e1minas y pollinas para que pueda reparar su hogar y garantizar un espacio seguro para \u00e9l y su familia.<\/p>\n<p>\u201cEstamos comprometidos en apoyar de manera directa a quienes m\u00e1s lo necesitan. Este tipo de acciones demuestra que estamos presentes para brindar soluciones concretas cuando se requieren\u201d, expres\u00f3 Jorge Aldana.<br \/>\nCon este apoyo, la administraci\u00f3n municipal reafirma su compromiso de mejorar la calidad de vida de los habitantes del municipio a trav\u00e9s de acciones concretas y efectivas.<\/p>\n","protected":false},"excerpt":{"rendered":"<p>Como parte del compromiso de la Presidencia Municipal con las familias camarguenses, Jorge Aldana visit\u00f3 la comunidad El Tecuan para brindar apoyo al se\u00f1or Leandro Galindo, cuyo techo de vivienda colaps\u00f3 completamente. Durante la visita, se le entregaron l\u00e1minas y pollinas para que pueda reparar su hogar y garantizar un espacio seguro para \u00e9l y su familia. \u201cEstamos comprometidos en apoyar de manera directa a quienes m\u00e1s lo necesitan. Este tipo de acciones demuestra que estamos presentes para brindar soluciones concretas cuando se requieren\u201d, expres\u00f3 Jorge Aldana. Con este apoyo, la administraci\u00f3n municipal reafirma su compromiso de mejorar la calidad de vida de los habitantes del municipio a trav\u00e9s de acciones concretas y efectivas.<\/p>\n","protected":false},"author":2,"featured_media":17037,"comment_status":"open","ping_status":"open","sticky":false,"template":"","format":"standard","meta":{"_monsterinsights_skip_tracking":false,"_monsterinsights_sitenote_active":false,"_monsterinsights_sitenote_note":"","_monsterinsights_sitenote_category":0,"advanced_seo_description":"","jetpack_seo_html_title":"","jetpack_seo_noindex":false,"_jetpack_memberships_contains_paid_content":false,"footnotes":"","jetpack_publicize_message":"","jetpack_publicize_feature_enabled":true,"jetpack_social_post_already_shared":true,"jetpack_social_options":{"image_generator_settings":{"template":"highway","enabled":false},"version":2}},"categories":[8,135,11],"tags":[],"class_list":["post-17036","post","type-post","status-publish","format-standard","has-post-thumbnail","hentry","category-estado","category-lo-mas-leido","category-principal"],"jetpack_publicize_connections":[],"jetpack_sharing_enabled":true,"jetpack_featured_media_url":"https:\/\/i0.wp.com\/alcierrenoticias.com\/wp-content\/uploads\/2025\/08\/WhatsApp-Image-2025-08-22-at-10.35.36-AM.jpeg?fit=1600%2C1066&ssl=1","amp_enabled":true,"_links":{"self":[{"href":"https:\/\/alcierrenoticias.com\/index.php\/wp-json\/wp\/v2\/posts\/17036","targetHints":{"allow":["GET"]}}],"collection":[{"href":"https:\/\/alcierrenoticias.com\/index.php\/wp-json\/wp\/v2\/posts"}],"about":[{"href":"https:\/\/alcierrenoticias.com\/index.php\/wp-json\/wp\/v2\/types\/post"}],"author":[{"embeddable":true,"href":"https:\/\/alcierrenoticias.com\/index.php\/wp-json\/wp\/v2\/users\/2"}],"replies":[{"embeddable":true,"href":"https:\/\/alcierrenoticias.com\/index.php\/wp-json\/wp\/v2\/comments?post=17036"}],"version-history":[{"count":1,"href":"https:\/\/alcierrenoticias.com\/index.php\/wp-json\/wp\/v2\/posts\/17036\/revisions"}],"predecessor-version":[{"id":17038,"href":"https:\/\/alcierrenoticias.com\/index.php\/wp-json\/wp\/v2\/posts\/17036\/revisions\/17038"}],"wp:featuredmedia":[{"embeddable":true,"href":"https:\/\/alcierrenoticias.com\/index.php\/wp-json\/wp\/v2\/media\/17037"}],"wp:attachment":[{"href":"https:\/\/alcierrenoticias.com\/index.php\/wp-json\/wp\/v2\/media?parent=17036"}],"wp:term":[{"taxonomy":"category","embeddable":true,"href":"https:\/\/alcierrenoticias.com\/index.php\/wp-json\/wp\/v2\/categories?post=17036"},{"taxonomy":"post_tag","embeddable":true,"href":"https:\/\/alcierrenoticias.com\/index.php\/wp-json\/wp\/v2\/tags?post=17036"}],"curies":[{"name":"wp","href":"https:\/\/api.w.org\/{rel}","templated":true}]}}