{"id":17028,"date":"2025-08-21T17:48:41","date_gmt":"2025-08-21T23:48:41","guid":{"rendered":"https:\/\/alcierrenoticias.com\/?p=17028"},"modified":"2025-08-22T13:56:06","modified_gmt":"2025-08-22T19:56:06","slug":"agradece-jesus-valenciano-a-crown-respaldo-a-proyecto-del-centro-regional-de-autismo","status":"publish","type":"post","link":"https:\/\/alcierrenoticias.com\/index.php\/2025\/08\/21\/agradece-jesus-valenciano-a-crown-respaldo-a-proyecto-del-centro-regional-de-autismo\/","title":{"rendered":"Agradece Jes\u00fas Valenciano a Crown respaldo a proyecto del Centro Regional de Autismo."},"content":{"rendered":"<p>El presidente municipal de Delicias, Jes\u00fas Valenciano Garc\u00eda, estuvo presente en la entrega simb\u00f3lica de un donativo de 10 mil d\u00f3lares por parte de la empresa Crown al Centro Regional de Autismo, recursos que se destinar\u00e1n a las mejoras que actualmente se realizan en las instalaciones. El alcalde resalt\u00f3 la importancia de que la iniciativa privada se sume a proyectos sociales que impactan directamente en la calidad de vida de las familias del municipio.<\/p>\n<p>Durante su intervenci\u00f3n, Valenciano Garc\u00eda agradeci\u00f3 a Crown por voltear a ver a uno de los proyectos m\u00e1s nobles de la regi\u00f3n, enfocado en apoyar a ni\u00f1os y j\u00f3venes con espectro autista. Subray\u00f3 que la suma de esfuerzos entre gobierno, sociedad civil y empresas socialmente responsables permite consolidar espacios que fortalecen a las familias del municipio y brindan oportunidades de desarrollo integral.<\/p>\n<p>El edil record\u00f3 que el Gobierno Municipal ha respaldado al Centro Regional de Autismo desde sus inicios, con acciones como la donaci\u00f3n del inmueble y la gesti\u00f3n de recursos adicionales mediante el Consejo de Estacion\u00f3metros y la vinculaci\u00f3n con la Fundaci\u00f3n del Empresariado Chihuahuense (FECHAC). \u201cCuando la sociedad civil organizada levanta la mano, nosotros respondemos; porque en Delicias, si algo nos define, es que siempre apostamos a la familia\u201d, expres\u00f3.<\/p>\n<p>Por su parte, el presidente del patronato del centro, Luis Ram\u00f3n Daw, reconoci\u00f3 el respaldo constante de la Presidencia Municipal, de FECHAC y de distintas empresas, gracias a lo cual se ha logrado avanzar en la obra de ampliaci\u00f3n, que contempla una inversi\u00f3n cercana a los 12.5 millones de pesos. Destac\u00f3 que la segunda etapa del proyecto busca abrir oportunidades laborales para j\u00f3venes con autismo, a fin de facilitar su inclusi\u00f3n productiva.<\/p>\n<p>Juan Antonio Camacho Paredes, Director de operaciones Crown M\u00e9xico, reiter\u00f3 su compromiso con la comunidad de Delicias y la regi\u00f3n, por lo que felicit\u00f3 a los impulsores del proyecto por su trabajo incansable. Asimismo, coincidi\u00f3 con el alcalde en que este tipo de iniciativas no s\u00f3lo transforman vidas, sino que representan una inversi\u00f3n en el futuro de la regi\u00f3n.<\/p>\n","protected":false},"excerpt":{"rendered":"<p>El presidente municipal de Delicias, Jes\u00fas Valenciano Garc\u00eda, estuvo presente en la entrega simb\u00f3lica de un donativo de 10 mil d\u00f3lares por parte de la empresa Crown al Centro Regional de Autismo, recursos que se destinar\u00e1n a las mejoras que actualmente se realizan en las instalaciones. El alcalde resalt\u00f3 la importancia de que la iniciativa privada se sume a proyectos sociales que impactan directamente en la calidad de vida de las familias del municipio. Durante su intervenci\u00f3n, Valenciano Garc\u00eda agradeci\u00f3 a Crown por voltear a ver a uno de los proyectos m\u00e1s nobles de la regi\u00f3n, enfocado en apoyar a ni\u00f1os y j\u00f3venes con espectro autista. Subray\u00f3 que la suma de esfuerzos entre gobierno, sociedad civil y empresas socialmente responsables permite consolidar espacios que fortalecen a las familias del municipio y brindan oportunidades de desarrollo integral. El edil record\u00f3 que el Gobierno Municipal ha respaldado al Centro Regional de Autismo desde sus inicios, con acciones como la donaci\u00f3n del inmueble y la gesti\u00f3n de recursos adicionales mediante el Consejo de Estacion\u00f3metros y la vinculaci\u00f3n con la Fundaci\u00f3n del Empresariado Chihuahuense (FECHAC). \u201cCuando la sociedad civil organizada levanta la mano, nosotros respondemos; porque en Delicias, si algo nos define, es que siempre apostamos a la familia\u201d, expres\u00f3. Por su parte, el presidente del patronato del centro, Luis Ram\u00f3n Daw, reconoci\u00f3 el respaldo constante de la Presidencia Municipal, de FECHAC y de distintas empresas, gracias a lo cual se ha logrado avanzar en la obra de ampliaci\u00f3n, que contempla una inversi\u00f3n cercana a los 12.5 millones de pesos. Destac\u00f3 que la segunda etapa del proyecto busca abrir oportunidades laborales para j\u00f3venes con autismo, a fin de facilitar su inclusi\u00f3n productiva. Juan Antonio Camacho Paredes, Director de operaciones Crown M\u00e9xico, reiter\u00f3 su compromiso con la comunidad de Delicias y la regi\u00f3n, por lo que felicit\u00f3 a los impulsores del proyecto por su trabajo incansable. Asimismo, coincidi\u00f3 con el alcalde en que este tipo de iniciativas no s\u00f3lo transforman vidas, sino que representan una inversi\u00f3n en el futuro de la regi\u00f3n.<\/p>\n","protected":false},"author":2,"featured_media":17029,"comment_status":"open","ping_status":"open","sticky":false,"template":"","format":"standard","meta":{"_monsterinsights_skip_tracking":false,"_monsterinsights_sitenote_active":false,"_monsterinsights_sitenote_note":"","_monsterinsights_sitenote_category":0,"advanced_seo_description":"","jetpack_seo_html_title":"","jetpack_seo_noindex":false,"_jetpack_memberships_contains_paid_content":false,"footnotes":"","jetpack_publicize_message":"","jetpack_publicize_feature_enabled":true,"jetpack_social_post_already_shared":true,"jetpack_social_options":{"image_generator_settings":{"template":"highway","enabled":false},"version":2}},"categories":[135,7,11],"tags":[],"class_list":["post-17028","post","type-post","status-publish","format-standard","has-post-thumbnail","hentry","category-lo-mas-leido","category-local","category-principal"],"jetpack_publicize_connections":[],"jetpack_sharing_enabled":true,"jetpack_featured_media_url":"https:\/\/i0.wp.com\/alcierrenoticias.com\/wp-content\/uploads\/2025\/08\/WhatsApp-Image-2025-08-21-at-5.37.59-PM.jpeg?fit=1600%2C1066&ssl=1","amp_enabled":true,"_links":{"self":[{"href":"https:\/\/alcierrenoticias.com\/index.php\/wp-json\/wp\/v2\/posts\/17028","targetHints":{"allow":["GET"]}}],"collection":[{"href":"https:\/\/alcierrenoticias.com\/index.php\/wp-json\/wp\/v2\/posts"}],"about":[{"href":"https:\/\/alcierrenoticias.com\/index.php\/wp-json\/wp\/v2\/types\/post"}],"author":[{"embeddable":true,"href":"https:\/\/alcierrenoticias.com\/index.php\/wp-json\/wp\/v2\/users\/2"}],"replies":[{"embeddable":true,"href":"https:\/\/alcierrenoticias.com\/index.php\/wp-json\/wp\/v2\/comments?post=17028"}],"version-history":[{"count":2,"href":"https:\/\/alcierrenoticias.com\/index.php\/wp-json\/wp\/v2\/posts\/17028\/revisions"}],"predecessor-version":[{"id":17031,"href":"https:\/\/alcierrenoticias.com\/index.php\/wp-json\/wp\/v2\/posts\/17028\/revisions\/17031"}],"wp:featuredmedia":[{"embeddable":true,"href":"https:\/\/alcierrenoticias.com\/index.php\/wp-json\/wp\/v2\/media\/17029"}],"wp:attachment":[{"href":"https:\/\/alcierrenoticias.com\/index.php\/wp-json\/wp\/v2\/media?parent=17028"}],"wp:term":[{"taxonomy":"category","embeddable":true,"href":"https:\/\/alcierrenoticias.com\/index.php\/wp-json\/wp\/v2\/categories?post=17028"},{"taxonomy":"post_tag","embeddable":true,"href":"https:\/\/alcierrenoticias.com\/index.php\/wp-json\/wp\/v2\/tags?post=17028"}],"curies":[{"name":"wp","href":"https:\/\/api.w.org\/{rel}","templated":true}]}}