{"id":17020,"date":"2025-08-21T17:40:27","date_gmt":"2025-08-21T23:40:27","guid":{"rendered":"https:\/\/alcierrenoticias.com\/?p=17020"},"modified":"2025-08-22T13:42:16","modified_gmt":"2025-08-22T19:42:16","slug":"encabeza-alma-limas-de-valenciano-entrega-de-utiles-escolares-a-ninos-de-la-colonia-miguel-hidalgo","status":"publish","type":"post","link":"https:\/\/alcierrenoticias.com\/index.php\/2025\/08\/21\/encabeza-alma-limas-de-valenciano-entrega-de-utiles-escolares-a-ninos-de-la-colonia-miguel-hidalgo\/","title":{"rendered":"Encabeza Alma Limas de Valenciano entrega de \u00fatiles escolares a ni\u00f1os de la colonia Miguel Hidalgo."},"content":{"rendered":"<p>En un ambiente de entusiasmo y solidaridad, se llev\u00f3 a cabo la entrega de paquetes de \u00fatiles escolares en la plaza principal de la colonia Miguel Hidalgo. La actividad estuvo encabezada por Alma Limas de Valenciano, presidenta del DIF Municipal, quien destac\u00f3 la importancia de brindar a los estudiantes las herramientas necesarias para iniciar el nuevo ciclo escolar con motivaci\u00f3n y preparaci\u00f3n.<\/p>\n<p>Durante el evento, se distribuyeron materiales para alumnos de primaria y secundaria, con el objetivo de que las ni\u00f1as y ni\u00f1os de la comunidad cuenten con cuadernos y dem\u00e1s art\u00edculos indispensables en su regreso a clases. \u201cLa idea es que ning\u00fan ni\u00f1o se quede sin \u00fatiles, que empiecen el primer d\u00eda con todo y vayan preparados para este nuevo ciclo escolar\u201d, expres\u00f3 Limas de Valenciano.<\/p>\n<p>La presidenta del DIF resalt\u00f3 que este esfuerzo no habr\u00eda sido posible sin la colaboraci\u00f3n de diversas instituciones y la sociedad civil. En particular, agradeci\u00f3 el apoyo de la Fundaci\u00f3n Cimarr\u00f3n, empresarios locales y escuelas que se sumaron con donaciones para integrar los paquetes escolares.<\/p>\n<p>Asimismo, Limas de Valenciano enfatiz\u00f3 que la entrega de \u00fatiles representa m\u00e1s que un apoyo material: se trata de un aliciente para que los estudiantes encaren el inicio de clases cargados de ilusiones, sue\u00f1os y muchas ganas de aprender. \u201cQueremos que los ni\u00f1os empiecen motivados, con la certeza de que su comunidad los respalda\u201d, a\u00f1adi\u00f3.<\/p>\n","protected":false},"excerpt":{"rendered":"<p>En un ambiente de entusiasmo y solidaridad, se llev\u00f3 a cabo la entrega de paquetes de \u00fatiles escolares en la plaza principal de la colonia Miguel Hidalgo. La actividad estuvo encabezada por Alma Limas de Valenciano, presidenta del DIF Municipal, quien destac\u00f3 la importancia de brindar a los estudiantes las herramientas necesarias para iniciar el nuevo ciclo escolar con motivaci\u00f3n y preparaci\u00f3n. Durante el evento, se distribuyeron materiales para alumnos de primaria y secundaria, con el objetivo de que las ni\u00f1as y ni\u00f1os de la comunidad cuenten con cuadernos y dem\u00e1s art\u00edculos indispensables en su regreso a clases. \u201cLa idea es que ning\u00fan ni\u00f1o se quede sin \u00fatiles, que empiecen el primer d\u00eda con todo y vayan preparados para este nuevo ciclo escolar\u201d, expres\u00f3 Limas de Valenciano. La presidenta del DIF resalt\u00f3 que este esfuerzo no habr\u00eda sido posible sin la colaboraci\u00f3n de diversas instituciones y la sociedad civil. En particular, agradeci\u00f3 el apoyo de la Fundaci\u00f3n Cimarr\u00f3n, empresarios locales y escuelas que se sumaron con donaciones para integrar los paquetes escolares. Asimismo, Limas de Valenciano enfatiz\u00f3 que la entrega de \u00fatiles representa m\u00e1s que un apoyo material: se trata de un aliciente para que los estudiantes encaren el inicio de clases cargados de ilusiones, sue\u00f1os y muchas ganas de aprender. \u201cQueremos que los ni\u00f1os empiecen motivados, con la certeza de que su comunidad los respalda\u201d, a\u00f1adi\u00f3.<\/p>\n","protected":false},"author":2,"featured_media":17022,"comment_status":"open","ping_status":"open","sticky":false,"template":"","format":"standard","meta":{"_monsterinsights_skip_tracking":false,"_monsterinsights_sitenote_active":false,"_monsterinsights_sitenote_note":"","_monsterinsights_sitenote_category":0,"advanced_seo_description":"","jetpack_seo_html_title":"","jetpack_seo_noindex":false,"_jetpack_memberships_contains_paid_content":false,"footnotes":"","jetpack_publicize_message":"","jetpack_publicize_feature_enabled":true,"jetpack_social_post_already_shared":true,"jetpack_social_options":{"image_generator_settings":{"template":"highway","enabled":false},"version":2}},"categories":[135,7,11],"tags":[],"class_list":["post-17020","post","type-post","status-publish","format-standard","has-post-thumbnail","hentry","category-lo-mas-leido","category-local","category-principal"],"jetpack_publicize_connections":[],"jetpack_sharing_enabled":true,"jetpack_featured_media_url":"https:\/\/i0.wp.com\/alcierrenoticias.com\/wp-content\/uploads\/2025\/08\/WhatsApp-Image-2025-08-21-at-5.37.48-PM.jpeg?fit=1600%2C1066&ssl=1","amp_enabled":true,"_links":{"self":[{"href":"https:\/\/alcierrenoticias.com\/index.php\/wp-json\/wp\/v2\/posts\/17020","targetHints":{"allow":["GET"]}}],"collection":[{"href":"https:\/\/alcierrenoticias.com\/index.php\/wp-json\/wp\/v2\/posts"}],"about":[{"href":"https:\/\/alcierrenoticias.com\/index.php\/wp-json\/wp\/v2\/types\/post"}],"author":[{"embeddable":true,"href":"https:\/\/alcierrenoticias.com\/index.php\/wp-json\/wp\/v2\/users\/2"}],"replies":[{"embeddable":true,"href":"https:\/\/alcierrenoticias.com\/index.php\/wp-json\/wp\/v2\/comments?post=17020"}],"version-history":[{"count":2,"href":"https:\/\/alcierrenoticias.com\/index.php\/wp-json\/wp\/v2\/posts\/17020\/revisions"}],"predecessor-version":[{"id":17023,"href":"https:\/\/alcierrenoticias.com\/index.php\/wp-json\/wp\/v2\/posts\/17020\/revisions\/17023"}],"wp:featuredmedia":[{"embeddable":true,"href":"https:\/\/alcierrenoticias.com\/index.php\/wp-json\/wp\/v2\/media\/17022"}],"wp:attachment":[{"href":"https:\/\/alcierrenoticias.com\/index.php\/wp-json\/wp\/v2\/media?parent=17020"}],"wp:term":[{"taxonomy":"category","embeddable":true,"href":"https:\/\/alcierrenoticias.com\/index.php\/wp-json\/wp\/v2\/categories?post=17020"},{"taxonomy":"post_tag","embeddable":true,"href":"https:\/\/alcierrenoticias.com\/index.php\/wp-json\/wp\/v2\/tags?post=17020"}],"curies":[{"name":"wp","href":"https:\/\/api.w.org\/{rel}","templated":true}]}}