{"id":17016,"date":"2025-08-21T17:52:08","date_gmt":"2025-08-21T23:52:08","guid":{"rendered":"https:\/\/alcierrenoticias.com\/?p=17016"},"modified":"2025-08-22T13:40:15","modified_gmt":"2025-08-22T19:40:15","slug":"municipio-y-dif-municipal-invitan-juntos-celebremos-a-los-adultos-mayores-este-viernes-a-las-500-pm-en-el-salon-mutualista-en-camargo","status":"publish","type":"post","link":"https:\/\/alcierrenoticias.com\/index.php\/2025\/08\/21\/municipio-y-dif-municipal-invitan-juntos-celebremos-a-los-adultos-mayores-este-viernes-a-las-500-pm-en-el-salon-mutualista-en-camargo\/","title":{"rendered":"Municipio y DIF Municipal invitan: \u201cJuntos celebremos a los adultos mayores\u201d \u2013 Este viernes a las 5:00 PM en el Sal\u00f3n Mutualista en Camargo."},"content":{"rendered":"<p>El Gobierno Municipal de Camargo, a trav\u00e9s del DIF Municipal, invita a todas y todos a participar en una emotiva celebraci\u00f3n dedicada a nuestros adultos mayores, en reconocimiento a su entrega, sabidur\u00eda y ejemplo de vida.<\/p>\n<p>El evento se llevar\u00e1 a cabo este viernes 22 de agosto a las 5:00 de la tarde en el Sal\u00f3n Mutualista (C. Hidalgo #102, Col. Centro) y contar\u00e1 con un programa lleno de alegr\u00eda: cena especial, m\u00fasica, baile y rifa de regalos preparados para que las y los asistentes vivan una tarde inolvidable.<\/p>\n<p>El presidente municipal, Jorge Aldana, se\u00f1al\u00f3 que este encuentro es una forma de honrar a quienes han contribuido al crecimiento y desarrollo de Camargo, recordando que son un pilar fundamental en nuestras familias.<\/p>\n<p>\u201cQueremos que esta sea una tarde de sonrisas, abrazos y momentos para recordar. Nuestros adultos mayores merecen todo el cari\u00f1o y respeto que podamos brindarles\u201d, expres\u00f3.<\/p>\n<p>El DIF Municipal y el Gobierno de Camargo invitan a familiares, amistades y ciudadan\u00eda en general a acompa\u00f1ar a nuestros adultos mayores en esta fiesta que celebra la vida y la experiencia.<\/p>\n","protected":false},"excerpt":{"rendered":"<p>El Gobierno Municipal de Camargo, a trav\u00e9s del DIF Municipal, invita a todas y todos a participar en una emotiva celebraci\u00f3n dedicada a nuestros adultos mayores, en reconocimiento a su entrega, sabidur\u00eda y ejemplo de vida. El evento se llevar\u00e1 a cabo este viernes 22 de agosto a las 5:00 de la tarde en el Sal\u00f3n Mutualista (C. Hidalgo #102, Col. Centro) y contar\u00e1 con un programa lleno de alegr\u00eda: cena especial, m\u00fasica, baile y rifa de regalos preparados para que las y los asistentes vivan una tarde inolvidable. El presidente municipal, Jorge Aldana, se\u00f1al\u00f3 que este encuentro es una forma de honrar a quienes han contribuido al crecimiento y desarrollo de Camargo, recordando que son un pilar fundamental en nuestras familias. \u201cQueremos que esta sea una tarde de sonrisas, abrazos y momentos para recordar. Nuestros adultos mayores merecen todo el cari\u00f1o y respeto que podamos brindarles\u201d, expres\u00f3. El DIF Municipal y el Gobierno de Camargo invitan a familiares, amistades y ciudadan\u00eda en general a acompa\u00f1ar a nuestros adultos mayores en esta fiesta que celebra la vida y la experiencia.<\/p>\n","protected":false},"author":2,"featured_media":17017,"comment_status":"open","ping_status":"open","sticky":false,"template":"","format":"standard","meta":{"_monsterinsights_skip_tracking":false,"_monsterinsights_sitenote_active":false,"_monsterinsights_sitenote_note":"","_monsterinsights_sitenote_category":0,"advanced_seo_description":"","jetpack_seo_html_title":"","jetpack_seo_noindex":false,"_jetpack_memberships_contains_paid_content":false,"footnotes":"","jetpack_publicize_message":"","jetpack_publicize_feature_enabled":true,"jetpack_social_post_already_shared":true,"jetpack_social_options":{"image_generator_settings":{"template":"highway","enabled":false},"version":2}},"categories":[8,135,11],"tags":[],"class_list":["post-17016","post","type-post","status-publish","format-standard","has-post-thumbnail","hentry","category-estado","category-lo-mas-leido","category-principal"],"jetpack_publicize_connections":[],"jetpack_sharing_enabled":true,"jetpack_featured_media_url":"https:\/\/i0.wp.com\/alcierrenoticias.com\/wp-content\/uploads\/2025\/08\/WhatsApp-Image-2025-08-21-at-5.37.47-PM-e1755891556617.jpeg?fit=400%2C436&ssl=1","amp_enabled":true,"_links":{"self":[{"href":"https:\/\/alcierrenoticias.com\/index.php\/wp-json\/wp\/v2\/posts\/17016","targetHints":{"allow":["GET"]}}],"collection":[{"href":"https:\/\/alcierrenoticias.com\/index.php\/wp-json\/wp\/v2\/posts"}],"about":[{"href":"https:\/\/alcierrenoticias.com\/index.php\/wp-json\/wp\/v2\/types\/post"}],"author":[{"embeddable":true,"href":"https:\/\/alcierrenoticias.com\/index.php\/wp-json\/wp\/v2\/users\/2"}],"replies":[{"embeddable":true,"href":"https:\/\/alcierrenoticias.com\/index.php\/wp-json\/wp\/v2\/comments?post=17016"}],"version-history":[{"count":1,"href":"https:\/\/alcierrenoticias.com\/index.php\/wp-json\/wp\/v2\/posts\/17016\/revisions"}],"predecessor-version":[{"id":17018,"href":"https:\/\/alcierrenoticias.com\/index.php\/wp-json\/wp\/v2\/posts\/17016\/revisions\/17018"}],"wp:featuredmedia":[{"embeddable":true,"href":"https:\/\/alcierrenoticias.com\/index.php\/wp-json\/wp\/v2\/media\/17017"}],"wp:attachment":[{"href":"https:\/\/alcierrenoticias.com\/index.php\/wp-json\/wp\/v2\/media?parent=17016"}],"wp:term":[{"taxonomy":"category","embeddable":true,"href":"https:\/\/alcierrenoticias.com\/index.php\/wp-json\/wp\/v2\/categories?post=17016"},{"taxonomy":"post_tag","embeddable":true,"href":"https:\/\/alcierrenoticias.com\/index.php\/wp-json\/wp\/v2\/tags?post=17016"}],"curies":[{"name":"wp","href":"https:\/\/api.w.org\/{rel}","templated":true}]}}