{"id":16998,"date":"2025-08-20T18:35:34","date_gmt":"2025-08-21T00:35:34","guid":{"rendered":"https:\/\/alcierrenoticias.com\/?p=16998"},"modified":"2025-08-21T16:26:57","modified_gmt":"2025-08-21T22:26:57","slug":"presenta-municipio-a-las-candidatas-a-reina-de-la-expoferia-santa-rosalia-2025","status":"publish","type":"post","link":"https:\/\/alcierrenoticias.com\/index.php\/2025\/08\/20\/presenta-municipio-a-las-candidatas-a-reina-de-la-expoferia-santa-rosalia-2025\/","title":{"rendered":"Presenta Municipio a las Candidatas a Reina de la Expoferia Santa Rosal\u00eda 2025."},"content":{"rendered":"<p>En el restaurante Caf\u00e9 Ma\u00edz se llev\u00f3 a cabo la presentaci\u00f3n oficial de las siete j\u00f3venes que buscan convertirse en la Reina de la Expoferia Santa Rosal\u00eda 2025.<\/p>\n<p>Durante el evento se dieron a conocer las fechas clave: la semifinal ser\u00e1 el pr\u00f3ximo 28 de agosto en el Teatro de la Ciudad, donde quedar\u00e1n \u00fanicamente tres finalistas que competir\u00e1n por la corona. La coronaci\u00f3n se celebrar\u00e1 el 29 de agosto, durante la inauguraci\u00f3n oficial en el Teatro del Pueblo.<\/p>\n<p>Las candidatas y sus patrocinadores son:<br \/>\nPaola V\u00e1zquez \u2013 Sal\u00f3n El Rey<br \/>\nTatiana Qui\u00f1ones \u2013 Muebler\u00eda Olivas<br \/>\nYeimi Mora \u2013 Salud Dental<br \/>\nMarisol Tarango \u2013 S\u00faper Camargo<br \/>\nMarina Sosa \u2013 Sylet<br \/>\nFernanda Barraza \u2013 Paz Autopartes<br \/>\nHanna Mar\u00edn \u2013 Intuici\u00f3n Boutique<\/p>\n<p>La Expoferia Santa Rosal\u00eda 2025 promete ser una gran celebraci\u00f3n que unir\u00e1 tradici\u00f3n, cultura, m\u00fasica y diversi\u00f3n para todos.<\/p>\n","protected":false},"excerpt":{"rendered":"<p>En el restaurante Caf\u00e9 Ma\u00edz se llev\u00f3 a cabo la presentaci\u00f3n oficial de las siete j\u00f3venes que buscan convertirse en la Reina de la Expoferia Santa Rosal\u00eda 2025. Durante el evento se dieron a conocer las fechas clave: la semifinal ser\u00e1 el pr\u00f3ximo 28 de agosto en el Teatro de la Ciudad, donde quedar\u00e1n \u00fanicamente tres finalistas que competir\u00e1n por la corona. La coronaci\u00f3n se celebrar\u00e1 el 29 de agosto, durante la inauguraci\u00f3n oficial en el Teatro del Pueblo. Las candidatas y sus patrocinadores son: Paola V\u00e1zquez \u2013 Sal\u00f3n El Rey Tatiana Qui\u00f1ones \u2013 Muebler\u00eda Olivas Yeimi Mora \u2013 Salud Dental Marisol Tarango \u2013 S\u00faper Camargo Marina Sosa \u2013 Sylet Fernanda Barraza \u2013 Paz Autopartes Hanna Mar\u00edn \u2013 Intuici\u00f3n Boutique La Expoferia Santa Rosal\u00eda 2025 promete ser una gran celebraci\u00f3n que unir\u00e1 tradici\u00f3n, cultura, m\u00fasica y diversi\u00f3n para todos.<\/p>\n","protected":false},"author":2,"featured_media":16999,"comment_status":"open","ping_status":"open","sticky":false,"template":"","format":"standard","meta":{"_monsterinsights_skip_tracking":false,"_monsterinsights_sitenote_active":false,"_monsterinsights_sitenote_note":"","_monsterinsights_sitenote_category":0,"advanced_seo_description":"","jetpack_seo_html_title":"","jetpack_seo_noindex":false,"_jetpack_memberships_contains_paid_content":false,"footnotes":"","jetpack_publicize_message":"","jetpack_publicize_feature_enabled":true,"jetpack_social_post_already_shared":true,"jetpack_social_options":{"image_generator_settings":{"template":"highway","enabled":false},"version":2}},"categories":[135,7,11],"tags":[],"class_list":["post-16998","post","type-post","status-publish","format-standard","has-post-thumbnail","hentry","category-lo-mas-leido","category-local","category-principal"],"jetpack_publicize_connections":[],"jetpack_sharing_enabled":true,"jetpack_featured_media_url":"https:\/\/i0.wp.com\/alcierrenoticias.com\/wp-content\/uploads\/2025\/08\/WhatsApp-Image-2025-08-20-at-6.23.35-PM.jpeg?fit=1280%2C853&ssl=1","amp_enabled":true,"_links":{"self":[{"href":"https:\/\/alcierrenoticias.com\/index.php\/wp-json\/wp\/v2\/posts\/16998","targetHints":{"allow":["GET"]}}],"collection":[{"href":"https:\/\/alcierrenoticias.com\/index.php\/wp-json\/wp\/v2\/posts"}],"about":[{"href":"https:\/\/alcierrenoticias.com\/index.php\/wp-json\/wp\/v2\/types\/post"}],"author":[{"embeddable":true,"href":"https:\/\/alcierrenoticias.com\/index.php\/wp-json\/wp\/v2\/users\/2"}],"replies":[{"embeddable":true,"href":"https:\/\/alcierrenoticias.com\/index.php\/wp-json\/wp\/v2\/comments?post=16998"}],"version-history":[{"count":2,"href":"https:\/\/alcierrenoticias.com\/index.php\/wp-json\/wp\/v2\/posts\/16998\/revisions"}],"predecessor-version":[{"id":17001,"href":"https:\/\/alcierrenoticias.com\/index.php\/wp-json\/wp\/v2\/posts\/16998\/revisions\/17001"}],"wp:featuredmedia":[{"embeddable":true,"href":"https:\/\/alcierrenoticias.com\/index.php\/wp-json\/wp\/v2\/media\/16999"}],"wp:attachment":[{"href":"https:\/\/alcierrenoticias.com\/index.php\/wp-json\/wp\/v2\/media?parent=16998"}],"wp:term":[{"taxonomy":"category","embeddable":true,"href":"https:\/\/alcierrenoticias.com\/index.php\/wp-json\/wp\/v2\/categories?post=16998"},{"taxonomy":"post_tag","embeddable":true,"href":"https:\/\/alcierrenoticias.com\/index.php\/wp-json\/wp\/v2\/tags?post=16998"}],"curies":[{"name":"wp","href":"https:\/\/api.w.org\/{rel}","templated":true}]}}