{"id":16991,"date":"2025-08-20T18:30:59","date_gmt":"2025-08-21T00:30:59","guid":{"rendered":"https:\/\/alcierrenoticias.com\/?p=16991"},"modified":"2025-08-21T16:21:08","modified_gmt":"2025-08-21T22:21:08","slug":"invita-dif-meoqui-al-tradicional-baile-del-abuelo-este-29-de-agosto","status":"publish","type":"post","link":"https:\/\/alcierrenoticias.com\/index.php\/2025\/08\/20\/invita-dif-meoqui-al-tradicional-baile-del-abuelo-este-29-de-agosto\/","title":{"rendered":"Invita DIF Meoqui al Tradicional Baile del Abuelo este 29 de agosto."},"content":{"rendered":"<p>Los interesados podr\u00e1n adquirir sus boletos en las oficinas del DIF Municipal, as\u00ed como seccionales de Guadalupe Victoria y L\u00e1zaro C\u00e1rdenas<\/p>\n<p>Como parte de las celebraciones por el Mes del Abuelo, el DIF Municipal de Meoqui extendi\u00f3 la invitaci\u00f3n a todos los adultos mayores del municipio a la ya tradicional Tarde de Baile, que se realizar\u00e1 el pr\u00f3ximo viernes 29 de agosto a las 6:00 de la tarde en el Sal\u00f3n SIMAP, pudiendo adquirir sus boletos en las oficinas de dicha instancia, as\u00ed como en las oficinas de los seccionales de Guadalupe Victoria y L\u00e1zaro C\u00e1rdenas a partir de esta semana, en un horario de 8:00 am a 2:00 de la tarde.<\/p>\n<p>\u201cEste es uno de los eventos que esperamos con m\u00e1s emoci\u00f3n durante el a\u00f1o. Queremos que nuestros abuelitos y abuelitas pasen una tarde agradable, que se sientan queridos e incluidos. Es nuestra forma de retribuirles todo el amor y dedicaci\u00f3n que nos han dado\u201d, expres\u00f3 Luis Valles, director del DIF Municipal, resaltando que este trabajo responde al compromiso que la alcaldesa Miriam Soto ha asumido con los adultos mayores, instruyendo al DIF municipal a brindarles atenci\u00f3n con especial dedicaci\u00f3n y respeto.<\/p>\n<p>El director a\u00f1adi\u00f3 que este evento se realizar\u00e1 en coordinaci\u00f3n con los DIF seccionales de L\u00e1zaro C\u00e1rdenas y Guadalupe Victoria, quienes tambi\u00e9n participan en la organizaci\u00f3n. La entrada ser\u00e1 con cupo limitado, por lo que el director del DIF invit\u00f3 a las y los adultos mayores a recoger sus boletos tanto en las oficinas del DIF Municipal como en los DIF seccionales mencionados.<\/p>\n<p>Adem\u00e1s, Luis Valles destac\u00f3 el trabajo constante que se realiza durante todo el a\u00f1o con los nueve grupos de la tercera edad activos en el municipio, el m\u00e1s reciente conformado en la comunidad de San Lucas. A trav\u00e9s de estos grupos, las personas adultas mayores participan en talleres de bisuter\u00eda, elaboraci\u00f3n de pi\u00f1atas, flores, envasados, entre otros.<\/p>\n<p>\u201cEl objetivo es que nuestros adultos mayores se mantengan activos, que no se sientan excluidos. Queremos que sigan sinti\u00e9ndose parte importante de la sociedad, porque a\u00fan tienen mucho que aportar\u201d, concluy\u00f3 el funcionario.<\/p>\n","protected":false},"excerpt":{"rendered":"<p>Los interesados podr\u00e1n adquirir sus boletos en las oficinas del DIF Municipal, as\u00ed como seccionales de Guadalupe Victoria y L\u00e1zaro C\u00e1rdenas Como parte de las celebraciones por el Mes del Abuelo, el DIF Municipal de Meoqui extendi\u00f3 la invitaci\u00f3n a todos los adultos mayores del municipio a la ya tradicional Tarde de Baile, que se realizar\u00e1 el pr\u00f3ximo viernes 29 de agosto a las 6:00 de la tarde en el Sal\u00f3n SIMAP, pudiendo adquirir sus boletos en las oficinas de dicha instancia, as\u00ed como en las oficinas de los seccionales de Guadalupe Victoria y L\u00e1zaro C\u00e1rdenas a partir de esta semana, en un horario de 8:00 am a 2:00 de la tarde. \u201cEste es uno de los eventos que esperamos con m\u00e1s emoci\u00f3n durante el a\u00f1o. Queremos que nuestros abuelitos y abuelitas pasen una tarde agradable, que se sientan queridos e incluidos. Es nuestra forma de retribuirles todo el amor y dedicaci\u00f3n que nos han dado\u201d, expres\u00f3 Luis Valles, director del DIF Municipal, resaltando que este trabajo responde al compromiso que la alcaldesa Miriam Soto ha asumido con los adultos mayores, instruyendo al DIF municipal a brindarles atenci\u00f3n con especial dedicaci\u00f3n y respeto. El director a\u00f1adi\u00f3 que este evento se realizar\u00e1 en coordinaci\u00f3n con los DIF seccionales de L\u00e1zaro C\u00e1rdenas y Guadalupe Victoria, quienes tambi\u00e9n participan en la organizaci\u00f3n. La entrada ser\u00e1 con cupo limitado, por lo que el director del DIF invit\u00f3 a las y los adultos mayores a recoger sus boletos tanto en las oficinas del DIF Municipal como en los DIF seccionales mencionados. Adem\u00e1s, Luis Valles destac\u00f3 el trabajo constante que se realiza durante todo el a\u00f1o con los nueve grupos de la tercera edad activos en el municipio, el m\u00e1s reciente conformado en la comunidad de San Lucas. A trav\u00e9s de estos grupos, las personas adultas mayores participan en talleres de bisuter\u00eda, elaboraci\u00f3n de pi\u00f1atas, flores, envasados, entre otros. \u201cEl objetivo es que nuestros adultos mayores se mantengan activos, que no se sientan excluidos. Queremos que sigan sinti\u00e9ndose parte importante de la sociedad, porque a\u00fan tienen mucho que aportar\u201d, concluy\u00f3 el funcionario.<\/p>\n","protected":false},"author":2,"featured_media":16992,"comment_status":"open","ping_status":"open","sticky":false,"template":"","format":"standard","meta":{"_monsterinsights_skip_tracking":false,"_monsterinsights_sitenote_active":false,"_monsterinsights_sitenote_note":"","_monsterinsights_sitenote_category":0,"advanced_seo_description":"","jetpack_seo_html_title":"","jetpack_seo_noindex":false,"_jetpack_memberships_contains_paid_content":false,"footnotes":"","jetpack_publicize_message":"","jetpack_publicize_feature_enabled":true,"jetpack_social_post_already_shared":true,"jetpack_social_options":{"image_generator_settings":{"template":"highway","enabled":false},"version":2}},"categories":[135,7,11],"tags":[],"class_list":["post-16991","post","type-post","status-publish","format-standard","has-post-thumbnail","hentry","category-lo-mas-leido","category-local","category-principal"],"jetpack_publicize_connections":[],"jetpack_sharing_enabled":true,"jetpack_featured_media_url":"https:\/\/i0.wp.com\/alcierrenoticias.com\/wp-content\/uploads\/2025\/08\/WhatsApp-Image-2025-08-20-at-6.21.57-PM.jpeg?fit=1280%2C720&ssl=1","amp_enabled":true,"_links":{"self":[{"href":"https:\/\/alcierrenoticias.com\/index.php\/wp-json\/wp\/v2\/posts\/16991","targetHints":{"allow":["GET"]}}],"collection":[{"href":"https:\/\/alcierrenoticias.com\/index.php\/wp-json\/wp\/v2\/posts"}],"about":[{"href":"https:\/\/alcierrenoticias.com\/index.php\/wp-json\/wp\/v2\/types\/post"}],"author":[{"embeddable":true,"href":"https:\/\/alcierrenoticias.com\/index.php\/wp-json\/wp\/v2\/users\/2"}],"replies":[{"embeddable":true,"href":"https:\/\/alcierrenoticias.com\/index.php\/wp-json\/wp\/v2\/comments?post=16991"}],"version-history":[{"count":2,"href":"https:\/\/alcierrenoticias.com\/index.php\/wp-json\/wp\/v2\/posts\/16991\/revisions"}],"predecessor-version":[{"id":16994,"href":"https:\/\/alcierrenoticias.com\/index.php\/wp-json\/wp\/v2\/posts\/16991\/revisions\/16994"}],"wp:featuredmedia":[{"embeddable":true,"href":"https:\/\/alcierrenoticias.com\/index.php\/wp-json\/wp\/v2\/media\/16992"}],"wp:attachment":[{"href":"https:\/\/alcierrenoticias.com\/index.php\/wp-json\/wp\/v2\/media?parent=16991"}],"wp:term":[{"taxonomy":"category","embeddable":true,"href":"https:\/\/alcierrenoticias.com\/index.php\/wp-json\/wp\/v2\/categories?post=16991"},{"taxonomy":"post_tag","embeddable":true,"href":"https:\/\/alcierrenoticias.com\/index.php\/wp-json\/wp\/v2\/tags?post=16991"}],"curies":[{"name":"wp","href":"https:\/\/api.w.org\/{rel}","templated":true}]}}