{"id":16984,"date":"2025-08-20T12:08:02","date_gmt":"2025-08-20T18:08:02","guid":{"rendered":"https:\/\/alcierrenoticias.com\/?p=16984"},"modified":"2025-08-21T16:11:25","modified_gmt":"2025-08-21T22:11:25","slug":"entrega-alma-limas-apoyo-alimentario-recolectado-por-candidatas-de-la-feria-expo-delicias","status":"publish","type":"post","link":"https:\/\/alcierrenoticias.com\/index.php\/2025\/08\/20\/entrega-alma-limas-apoyo-alimentario-recolectado-por-candidatas-de-la-feria-expo-delicias\/","title":{"rendered":"Entrega Alma Limas apoyo alimentario recolectado por candidatas de la Feria Expo Delicias."},"content":{"rendered":"<p>La presidenta del DIF Delicias, Alma Limas de Valenciano, comparti\u00f3 un emotivo mensaje al concluir la entrega de apoyos recolectados gracias al certamen de Reina de la Feria Expo Delicias 2025, donde se busc\u00f3 destacar no solo la belleza exterior de las participantes, sino tambi\u00e9n su capacidad de empat\u00eda y compromiso social.<\/p>\n<p>Como parte del concurso, se propuso por primera vez la banda de labor social, un distintivo que reconocer\u00eda a la candidata que, adem\u00e1s de brillar en el escenario, mostrara sensibilidad y solidaridad con su comunidad. La respuesta fue sorprendente: las j\u00f3venes, con el apoyo de familiares y amigos, reunieron alrededor de 130 despensas, demostrando que la verdadera belleza tambi\u00e9n se refleja en el coraz\u00f3n.<\/p>\n<p>La ganadora de esta banda especial fue Leslie, quien junto con la presidenta del DIF encabez\u00f3 la entrega de apoyos en la Colonia Revoluci\u00f3n, beneficiando directamente a familias de la etnia tarahumara. \u201cQueremos que con todo cari\u00f1o y respeto reciban este apoyo\u201d, expres\u00f3 Limas de Valenciano, al destacar la nobleza y esfuerzo de las participantes.<\/p>\n<p>Cabe mencionar que parte de estas despensas ya se hab\u00edan entregado previamente en domicilios identificados por el \u00e1rea de trabajo social, llegando a hogares con mayor necesidad. Con el acto realizado en el Centro Comunitario de la Colonia Revoluci\u00f3n, se concluy\u00f3 con \u00e9xito esta jornada de solidaridad que surgi\u00f3 de un evento festivo, pero que trascendi\u00f3 con un profundo impacto social.<\/p>\n<p>\u201cAdem\u00e1s de bellas, demostraron ser solidarias, sensibles y generosas\u201d, se\u00f1al\u00f3 la presidenta del DIF, quien agradeci\u00f3 a todas las candidatas y a las familias que se sumaron a esta causa. Con iniciativas como esta, la Feria Expo Delicias no solo celebra la alegr\u00eda y la tradici\u00f3n, sino tambi\u00e9n la uni\u00f3n y la empat\u00eda de una comunidad que sabe compartir.<\/p>\n","protected":false},"excerpt":{"rendered":"<p>La presidenta del DIF Delicias, Alma Limas de Valenciano, comparti\u00f3 un emotivo mensaje al concluir la entrega de apoyos recolectados gracias al certamen de Reina de la Feria Expo Delicias 2025, donde se busc\u00f3 destacar no solo la belleza exterior de las participantes, sino tambi\u00e9n su capacidad de empat\u00eda y compromiso social. Como parte del concurso, se propuso por primera vez la banda de labor social, un distintivo que reconocer\u00eda a la candidata que, adem\u00e1s de brillar en el escenario, mostrara sensibilidad y solidaridad con su comunidad. La respuesta fue sorprendente: las j\u00f3venes, con el apoyo de familiares y amigos, reunieron alrededor de 130 despensas, demostrando que la verdadera belleza tambi\u00e9n se refleja en el coraz\u00f3n. La ganadora de esta banda especial fue Leslie, quien junto con la presidenta del DIF encabez\u00f3 la entrega de apoyos en la Colonia Revoluci\u00f3n, beneficiando directamente a familias de la etnia tarahumara. \u201cQueremos que con todo cari\u00f1o y respeto reciban este apoyo\u201d, expres\u00f3 Limas de Valenciano, al destacar la nobleza y esfuerzo de las participantes. Cabe mencionar que parte de estas despensas ya se hab\u00edan entregado previamente en domicilios identificados por el \u00e1rea de trabajo social, llegando a hogares con mayor necesidad. Con el acto realizado en el Centro Comunitario de la Colonia Revoluci\u00f3n, se concluy\u00f3 con \u00e9xito esta jornada de solidaridad que surgi\u00f3 de un evento festivo, pero que trascendi\u00f3 con un profundo impacto social. \u201cAdem\u00e1s de bellas, demostraron ser solidarias, sensibles y generosas\u201d, se\u00f1al\u00f3 la presidenta del DIF, quien agradeci\u00f3 a todas las candidatas y a las familias que se sumaron a esta causa. Con iniciativas como esta, la Feria Expo Delicias no solo celebra la alegr\u00eda y la tradici\u00f3n, sino tambi\u00e9n la uni\u00f3n y la empat\u00eda de una comunidad que sabe compartir.<\/p>\n","protected":false},"author":2,"featured_media":16985,"comment_status":"open","ping_status":"open","sticky":false,"template":"","format":"standard","meta":{"_monsterinsights_skip_tracking":false,"_monsterinsights_sitenote_active":false,"_monsterinsights_sitenote_note":"","_monsterinsights_sitenote_category":0,"advanced_seo_description":"","jetpack_seo_html_title":"","jetpack_seo_noindex":false,"_jetpack_memberships_contains_paid_content":false,"footnotes":"","jetpack_publicize_message":"","jetpack_publicize_feature_enabled":true,"jetpack_social_post_already_shared":true,"jetpack_social_options":{"image_generator_settings":{"template":"highway","enabled":false},"version":2}},"categories":[135,7,11],"tags":[],"class_list":["post-16984","post","type-post","status-publish","format-standard","has-post-thumbnail","hentry","category-lo-mas-leido","category-local","category-principal"],"jetpack_publicize_connections":[],"jetpack_sharing_enabled":true,"jetpack_featured_media_url":"https:\/\/i0.wp.com\/alcierrenoticias.com\/wp-content\/uploads\/2025\/08\/WhatsApp-Image-2025-08-20-at-12.00.49-PM-scaled.jpeg?fit=2560%2C1706&ssl=1","amp_enabled":true,"_links":{"self":[{"href":"https:\/\/alcierrenoticias.com\/index.php\/wp-json\/wp\/v2\/posts\/16984","targetHints":{"allow":["GET"]}}],"collection":[{"href":"https:\/\/alcierrenoticias.com\/index.php\/wp-json\/wp\/v2\/posts"}],"about":[{"href":"https:\/\/alcierrenoticias.com\/index.php\/wp-json\/wp\/v2\/types\/post"}],"author":[{"embeddable":true,"href":"https:\/\/alcierrenoticias.com\/index.php\/wp-json\/wp\/v2\/users\/2"}],"replies":[{"embeddable":true,"href":"https:\/\/alcierrenoticias.com\/index.php\/wp-json\/wp\/v2\/comments?post=16984"}],"version-history":[{"count":2,"href":"https:\/\/alcierrenoticias.com\/index.php\/wp-json\/wp\/v2\/posts\/16984\/revisions"}],"predecessor-version":[{"id":16987,"href":"https:\/\/alcierrenoticias.com\/index.php\/wp-json\/wp\/v2\/posts\/16984\/revisions\/16987"}],"wp:featuredmedia":[{"embeddable":true,"href":"https:\/\/alcierrenoticias.com\/index.php\/wp-json\/wp\/v2\/media\/16985"}],"wp:attachment":[{"href":"https:\/\/alcierrenoticias.com\/index.php\/wp-json\/wp\/v2\/media?parent=16984"}],"wp:term":[{"taxonomy":"category","embeddable":true,"href":"https:\/\/alcierrenoticias.com\/index.php\/wp-json\/wp\/v2\/categories?post=16984"},{"taxonomy":"post_tag","embeddable":true,"href":"https:\/\/alcierrenoticias.com\/index.php\/wp-json\/wp\/v2\/tags?post=16984"}],"curies":[{"name":"wp","href":"https:\/\/api.w.org\/{rel}","templated":true}]}}