{"id":16980,"date":"2025-08-20T12:03:51","date_gmt":"2025-08-20T18:03:51","guid":{"rendered":"https:\/\/alcierrenoticias.com\/?p=16980"},"modified":"2025-08-21T16:07:06","modified_gmt":"2025-08-21T22:07:06","slug":"servicios-municipales-trabaja-en-terrenos-de-la-expoferia-santa-rosalia-2025-alistan-corraletas-para-exposicion-ganadera","status":"publish","type":"post","link":"https:\/\/alcierrenoticias.com\/index.php\/2025\/08\/20\/servicios-municipales-trabaja-en-terrenos-de-la-expoferia-santa-rosalia-2025-alistan-corraletas-para-exposicion-ganadera\/","title":{"rendered":"Servicios Municipales trabaja en terrenos de la Expoferia Santa Rosal\u00eda 2025, alistan corraletas para exposici\u00f3n ganadera."},"content":{"rendered":"<p>El Gobierno Municipal de Camargo, a trav\u00e9s de la Direcci\u00f3n de Servicios Municipales, contin\u00faa con los trabajos de preparaci\u00f3n dentro de los terrenos de la Expoferia Santa Rosal\u00eda 2025, con el objetivo de que cada espacio est\u00e9 listo para recibir a las y los camarguenses en esta gran fiesta.<\/p>\n<p>En los \u00faltimos d\u00edas, las cuadrillas municipales han realizado labores de limpieza general, pintura en diferentes \u00e1reas, as\u00ed como la rehabilitaci\u00f3n de tomas el\u00e9ctricas que ser\u00e1n utilizadas durante el desarrollo de las actividades.<\/p>\n<p>De manera especial, se avanz\u00f3 en la colocaci\u00f3n de malla cicl\u00f3nica en las corraletas que albergar\u00e1n la tradicional exposici\u00f3n ganadera, una de las atracciones m\u00e1s esperadas por las familias y visitantes de la regi\u00f3n. Con estas acciones, el Gobierno Municipal reafirma su compromiso de brindar instalaciones seguras, funcionales y en \u00f3ptimas condiciones para el disfrute de todos los asistentes.<\/p>\n<p>La Expoferia Santa Rosal\u00eda 2025 dar\u00e1 inicio el pr\u00f3ximo 29 de agosto, marcando el arranque de la m\u00e1xima celebraci\u00f3n de las y los camarguenses.<\/p>\n","protected":false},"excerpt":{"rendered":"<p>El Gobierno Municipal de Camargo, a trav\u00e9s de la Direcci\u00f3n de Servicios Municipales, contin\u00faa con los trabajos de preparaci\u00f3n dentro de los terrenos de la Expoferia Santa Rosal\u00eda 2025, con el objetivo de que cada espacio est\u00e9 listo para recibir a las y los camarguenses en esta gran fiesta. En los \u00faltimos d\u00edas, las cuadrillas municipales han realizado labores de limpieza general, pintura en diferentes \u00e1reas, as\u00ed como la rehabilitaci\u00f3n de tomas el\u00e9ctricas que ser\u00e1n utilizadas durante el desarrollo de las actividades. De manera especial, se avanz\u00f3 en la colocaci\u00f3n de malla cicl\u00f3nica en las corraletas que albergar\u00e1n la tradicional exposici\u00f3n ganadera, una de las atracciones m\u00e1s esperadas por las familias y visitantes de la regi\u00f3n. Con estas acciones, el Gobierno Municipal reafirma su compromiso de brindar instalaciones seguras, funcionales y en \u00f3ptimas condiciones para el disfrute de todos los asistentes. La Expoferia Santa Rosal\u00eda 2025 dar\u00e1 inicio el pr\u00f3ximo 29 de agosto, marcando el arranque de la m\u00e1xima celebraci\u00f3n de las y los camarguenses.<\/p>\n","protected":false},"author":2,"featured_media":16981,"comment_status":"open","ping_status":"open","sticky":false,"template":"","format":"standard","meta":{"_monsterinsights_skip_tracking":false,"_monsterinsights_sitenote_active":false,"_monsterinsights_sitenote_note":"","_monsterinsights_sitenote_category":0,"advanced_seo_description":"","jetpack_seo_html_title":"","jetpack_seo_noindex":false,"_jetpack_memberships_contains_paid_content":false,"footnotes":"","jetpack_publicize_message":"","jetpack_publicize_feature_enabled":true,"jetpack_social_post_already_shared":true,"jetpack_social_options":{"image_generator_settings":{"template":"highway","enabled":false},"version":2}},"categories":[8,135,11],"tags":[],"class_list":["post-16980","post","type-post","status-publish","format-standard","has-post-thumbnail","hentry","category-estado","category-lo-mas-leido","category-principal"],"jetpack_publicize_connections":[],"jetpack_sharing_enabled":true,"jetpack_featured_media_url":"https:\/\/i0.wp.com\/alcierrenoticias.com\/wp-content\/uploads\/2025\/08\/WhatsApp-Image-2025-08-20-at-12.00.10-PM.jpeg?fit=1600%2C1200&ssl=1","amp_enabled":true,"_links":{"self":[{"href":"https:\/\/alcierrenoticias.com\/index.php\/wp-json\/wp\/v2\/posts\/16980","targetHints":{"allow":["GET"]}}],"collection":[{"href":"https:\/\/alcierrenoticias.com\/index.php\/wp-json\/wp\/v2\/posts"}],"about":[{"href":"https:\/\/alcierrenoticias.com\/index.php\/wp-json\/wp\/v2\/types\/post"}],"author":[{"embeddable":true,"href":"https:\/\/alcierrenoticias.com\/index.php\/wp-json\/wp\/v2\/users\/2"}],"replies":[{"embeddable":true,"href":"https:\/\/alcierrenoticias.com\/index.php\/wp-json\/wp\/v2\/comments?post=16980"}],"version-history":[{"count":2,"href":"https:\/\/alcierrenoticias.com\/index.php\/wp-json\/wp\/v2\/posts\/16980\/revisions"}],"predecessor-version":[{"id":16983,"href":"https:\/\/alcierrenoticias.com\/index.php\/wp-json\/wp\/v2\/posts\/16980\/revisions\/16983"}],"wp:featuredmedia":[{"embeddable":true,"href":"https:\/\/alcierrenoticias.com\/index.php\/wp-json\/wp\/v2\/media\/16981"}],"wp:attachment":[{"href":"https:\/\/alcierrenoticias.com\/index.php\/wp-json\/wp\/v2\/media?parent=16980"}],"wp:term":[{"taxonomy":"category","embeddable":true,"href":"https:\/\/alcierrenoticias.com\/index.php\/wp-json\/wp\/v2\/categories?post=16980"},{"taxonomy":"post_tag","embeddable":true,"href":"https:\/\/alcierrenoticias.com\/index.php\/wp-json\/wp\/v2\/tags?post=16980"}],"curies":[{"name":"wp","href":"https:\/\/api.w.org\/{rel}","templated":true}]}}