{"id":16973,"date":"2025-08-19T18:52:20","date_gmt":"2025-08-20T00:52:20","guid":{"rendered":"https:\/\/alcierrenoticias.com\/?p=16973"},"modified":"2025-08-21T15:57:46","modified_gmt":"2025-08-21T21:57:46","slug":"inicia-dif-delicias-campana-panaton-2025-con-concierto-en-panales","status":"publish","type":"post","link":"https:\/\/alcierrenoticias.com\/index.php\/2025\/08\/19\/inicia-dif-delicias-campana-panaton-2025-con-concierto-en-panales\/","title":{"rendered":"Inicia DIF Delicias campa\u00f1a \u201cPa\u00f1at\u00f3n 2025\u201d con \u201cConcierto en Pa\u00f1ales\u201d."},"content":{"rendered":"<p>Arranc\u00f3 en Delicias la campa\u00f1a Pa\u00f1at\u00f3n 2025, con el ya tradicional \u201cConcierto en Pa\u00f1ales\u201d, interpretado por la Banda Infantil y Juvenil de la ciudad. El evento tiene como prop\u00f3sito reunir pa\u00f1ales para adultos que ser\u00e1n entregados a personas mayores en situaci\u00f3n de vulnerabilidad.<\/p>\n<p>Para este a\u00f1o, la meta se fij\u00f3 en 9,001 paquetes, superando la cifra alcanzada en 2024, cuando se lograron 9,000 paquetes. La presidenta del DIF Municipal, Alma Limas de Valenciano, subray\u00f3 que esta actividad no solo representa un gesto solidario, sino un compromiso comunitario con quienes m\u00e1s lo necesitan.<\/p>\n<p>En rueda de prensa, la presidenta estuvo acompa\u00f1ada por el coordinador de Cultura, Mario Guill\u00e9n Porras, destacando que este evento se ha convertido en una noble tradici\u00f3n para Delicias, pues adem\u00e1s de promover el talento de ni\u00f1os y j\u00f3venes m\u00fasicos, fomenta la cultura del apoyo comunitario.<\/p>\n<p>Para facilitar las donaciones, el DIF Municipal de Delicias, Centro Cultural la Oficina de Desarrollo Humano y Bien Com\u00fan y la Sala de Regidores se han establecido como sedes permanentes de acopio, donde las familias podr\u00e1n llevar los pa\u00f1ales durante toda la campa\u00f1a.<\/p>\n<p>\u201cSu presencia no solo apoyar\u00e1 el arte y la cultura local, sino que tambi\u00e9n llevar\u00e1 alivio y dignidad a nuestros adultos mayores, que merecen vivir con calidad y respeto\u201d, expres\u00f3 la presidenta del DIF.<\/p>\n<p>Finalmente, el DIF Municipal hizo un llamado a todas las familias de Delicias para sumarse a esta causa solidaria, recordando que cada aporte cuenta y que el Pa\u00f1at\u00f3n 2025 es una oportunidad de demostrar que la uni\u00f3n ciudadana puede transformar vidas.<\/p>\n","protected":false},"excerpt":{"rendered":"<p>Arranc\u00f3 en Delicias la campa\u00f1a Pa\u00f1at\u00f3n 2025, con el ya tradicional \u201cConcierto en Pa\u00f1ales\u201d, interpretado por la Banda Infantil y Juvenil de la ciudad. El evento tiene como prop\u00f3sito reunir pa\u00f1ales para adultos que ser\u00e1n entregados a personas mayores en situaci\u00f3n de vulnerabilidad. Para este a\u00f1o, la meta se fij\u00f3 en 9,001 paquetes, superando la cifra alcanzada en 2024, cuando se lograron 9,000 paquetes. La presidenta del DIF Municipal, Alma Limas de Valenciano, subray\u00f3 que esta actividad no solo representa un gesto solidario, sino un compromiso comunitario con quienes m\u00e1s lo necesitan. En rueda de prensa, la presidenta estuvo acompa\u00f1ada por el coordinador de Cultura, Mario Guill\u00e9n Porras, destacando que este evento se ha convertido en una noble tradici\u00f3n para Delicias, pues adem\u00e1s de promover el talento de ni\u00f1os y j\u00f3venes m\u00fasicos, fomenta la cultura del apoyo comunitario. Para facilitar las donaciones, el DIF Municipal de Delicias, Centro Cultural la Oficina de Desarrollo Humano y Bien Com\u00fan y la Sala de Regidores se han establecido como sedes permanentes de acopio, donde las familias podr\u00e1n llevar los pa\u00f1ales durante toda la campa\u00f1a. \u201cSu presencia no solo apoyar\u00e1 el arte y la cultura local, sino que tambi\u00e9n llevar\u00e1 alivio y dignidad a nuestros adultos mayores, que merecen vivir con calidad y respeto\u201d, expres\u00f3 la presidenta del DIF. Finalmente, el DIF Municipal hizo un llamado a todas las familias de Delicias para sumarse a esta causa solidaria, recordando que cada aporte cuenta y que el Pa\u00f1at\u00f3n 2025 es una oportunidad de demostrar que la uni\u00f3n ciudadana puede transformar vidas.<\/p>\n","protected":false},"author":2,"featured_media":16975,"comment_status":"open","ping_status":"open","sticky":false,"template":"","format":"standard","meta":{"_monsterinsights_skip_tracking":false,"_monsterinsights_sitenote_active":false,"_monsterinsights_sitenote_note":"","_monsterinsights_sitenote_category":0,"advanced_seo_description":"","jetpack_seo_html_title":"","jetpack_seo_noindex":false,"_jetpack_memberships_contains_paid_content":false,"footnotes":"","jetpack_publicize_message":"","jetpack_publicize_feature_enabled":true,"jetpack_social_post_already_shared":true,"jetpack_social_options":{"image_generator_settings":{"template":"highway","enabled":false},"version":2}},"categories":[135,7,11],"tags":[],"class_list":["post-16973","post","type-post","status-publish","format-standard","has-post-thumbnail","hentry","category-lo-mas-leido","category-local","category-principal"],"jetpack_publicize_connections":[],"jetpack_sharing_enabled":true,"jetpack_featured_media_url":"https:\/\/i0.wp.com\/alcierrenoticias.com\/wp-content\/uploads\/2025\/08\/WhatsApp-Image-2025-08-19-at-10.05.34-PM.jpeg?fit=1600%2C1066&ssl=1","amp_enabled":true,"_links":{"self":[{"href":"https:\/\/alcierrenoticias.com\/index.php\/wp-json\/wp\/v2\/posts\/16973","targetHints":{"allow":["GET"]}}],"collection":[{"href":"https:\/\/alcierrenoticias.com\/index.php\/wp-json\/wp\/v2\/posts"}],"about":[{"href":"https:\/\/alcierrenoticias.com\/index.php\/wp-json\/wp\/v2\/types\/post"}],"author":[{"embeddable":true,"href":"https:\/\/alcierrenoticias.com\/index.php\/wp-json\/wp\/v2\/users\/2"}],"replies":[{"embeddable":true,"href":"https:\/\/alcierrenoticias.com\/index.php\/wp-json\/wp\/v2\/comments?post=16973"}],"version-history":[{"count":2,"href":"https:\/\/alcierrenoticias.com\/index.php\/wp-json\/wp\/v2\/posts\/16973\/revisions"}],"predecessor-version":[{"id":16976,"href":"https:\/\/alcierrenoticias.com\/index.php\/wp-json\/wp\/v2\/posts\/16973\/revisions\/16976"}],"wp:featuredmedia":[{"embeddable":true,"href":"https:\/\/alcierrenoticias.com\/index.php\/wp-json\/wp\/v2\/media\/16975"}],"wp:attachment":[{"href":"https:\/\/alcierrenoticias.com\/index.php\/wp-json\/wp\/v2\/media?parent=16973"}],"wp:term":[{"taxonomy":"category","embeddable":true,"href":"https:\/\/alcierrenoticias.com\/index.php\/wp-json\/wp\/v2\/categories?post=16973"},{"taxonomy":"post_tag","embeddable":true,"href":"https:\/\/alcierrenoticias.com\/index.php\/wp-json\/wp\/v2\/tags?post=16973"}],"curies":[{"name":"wp","href":"https:\/\/api.w.org\/{rel}","templated":true}]}}