{"id":16969,"date":"2025-08-19T18:38:35","date_gmt":"2025-08-20T00:38:35","guid":{"rendered":"https:\/\/alcierrenoticias.com\/?p=16969"},"modified":"2025-08-21T16:03:49","modified_gmt":"2025-08-21T22:03:49","slug":"servicios-municipales-de-camargo-inicia-rehabilitacion-de-banos-en-el-poliforo-municipal-victor-valle-arrieta","status":"publish","type":"post","link":"https:\/\/alcierrenoticias.com\/index.php\/2025\/08\/19\/servicios-municipales-de-camargo-inicia-rehabilitacion-de-banos-en-el-poliforo-municipal-victor-valle-arrieta\/","title":{"rendered":"Servicios Municipales de Camargo inicia rehabilitaci\u00f3n de ba\u00f1os en el Poliforo Municipal V\u00edctor Valle Arrieta."},"content":{"rendered":"<p>El Gobierno Municipal de Camargo, a trav\u00e9s de la Direcci\u00f3n de Servicios Municipales, anunci\u00f3 el inicio de una intervenci\u00f3n integral en los ba\u00f1os del Poliforo Municipal V\u00edctor Valle Arrieta, con el prop\u00f3sito de mejorar las condiciones de este importante espacio deportivo y recreativo.<\/p>\n<p>Los trabajos contemplan la rehabilitaci\u00f3n de techos, as\u00ed como la renovaci\u00f3n y mantenimiento de varias unidades de sanitarios, con el fin de ofrecer instalaciones dignas, seguras y funcionales para todos los usuarios. Para eficientar las labores y garantizar la calidad de los trabajos, se informa a la ciudadan\u00eda y a los deportistas que utilizan regularmente este inmueble que el Poliforo permanecer\u00e1 cerrado durante las pr\u00f3ximas semanas.<\/p>\n<p>El Gobierno Municipal agradece la comprensi\u00f3n de la comunidad y reitera su compromiso de seguir invirtiendo en la mejora de la infraestructura deportiva, en beneficio de las familias camarguenses.<\/p>\n","protected":false},"excerpt":{"rendered":"<p>El Gobierno Municipal de Camargo, a trav\u00e9s de la Direcci\u00f3n de Servicios Municipales, anunci\u00f3 el inicio de una intervenci\u00f3n integral en los ba\u00f1os del Poliforo Municipal V\u00edctor Valle Arrieta, con el prop\u00f3sito de mejorar las condiciones de este importante espacio deportivo y recreativo. Los trabajos contemplan la rehabilitaci\u00f3n de techos, as\u00ed como la renovaci\u00f3n y mantenimiento de varias unidades de sanitarios, con el fin de ofrecer instalaciones dignas, seguras y funcionales para todos los usuarios. Para eficientar las labores y garantizar la calidad de los trabajos, se informa a la ciudadan\u00eda y a los deportistas que utilizan regularmente este inmueble que el Poliforo permanecer\u00e1 cerrado durante las pr\u00f3ximas semanas. El Gobierno Municipal agradece la comprensi\u00f3n de la comunidad y reitera su compromiso de seguir invirtiendo en la mejora de la infraestructura deportiva, en beneficio de las familias camarguenses.<\/p>\n","protected":false},"author":2,"featured_media":16970,"comment_status":"open","ping_status":"open","sticky":false,"template":"","format":"standard","meta":{"_monsterinsights_skip_tracking":false,"_monsterinsights_sitenote_active":false,"_monsterinsights_sitenote_note":"","_monsterinsights_sitenote_category":0,"advanced_seo_description":"","jetpack_seo_html_title":"","jetpack_seo_noindex":false,"_jetpack_memberships_contains_paid_content":false,"footnotes":"","jetpack_publicize_message":"","jetpack_publicize_feature_enabled":true,"jetpack_social_post_already_shared":true,"jetpack_social_options":{"image_generator_settings":{"template":"highway","enabled":false},"version":2}},"categories":[8,135,11],"tags":[],"class_list":["post-16969","post","type-post","status-publish","format-standard","has-post-thumbnail","hentry","category-estado","category-lo-mas-leido","category-principal"],"jetpack_publicize_connections":[],"jetpack_sharing_enabled":true,"jetpack_featured_media_url":"https:\/\/i0.wp.com\/alcierrenoticias.com\/wp-content\/uploads\/2025\/08\/WhatsApp-Image-2025-08-19-at-6.31.22-PM.jpeg?fit=1600%2C836&ssl=1","amp_enabled":true,"_links":{"self":[{"href":"https:\/\/alcierrenoticias.com\/index.php\/wp-json\/wp\/v2\/posts\/16969","targetHints":{"allow":["GET"]}}],"collection":[{"href":"https:\/\/alcierrenoticias.com\/index.php\/wp-json\/wp\/v2\/posts"}],"about":[{"href":"https:\/\/alcierrenoticias.com\/index.php\/wp-json\/wp\/v2\/types\/post"}],"author":[{"embeddable":true,"href":"https:\/\/alcierrenoticias.com\/index.php\/wp-json\/wp\/v2\/users\/2"}],"replies":[{"embeddable":true,"href":"https:\/\/alcierrenoticias.com\/index.php\/wp-json\/wp\/v2\/comments?post=16969"}],"version-history":[{"count":2,"href":"https:\/\/alcierrenoticias.com\/index.php\/wp-json\/wp\/v2\/posts\/16969\/revisions"}],"predecessor-version":[{"id":16979,"href":"https:\/\/alcierrenoticias.com\/index.php\/wp-json\/wp\/v2\/posts\/16969\/revisions\/16979"}],"wp:featuredmedia":[{"embeddable":true,"href":"https:\/\/alcierrenoticias.com\/index.php\/wp-json\/wp\/v2\/media\/16970"}],"wp:attachment":[{"href":"https:\/\/alcierrenoticias.com\/index.php\/wp-json\/wp\/v2\/media?parent=16969"}],"wp:term":[{"taxonomy":"category","embeddable":true,"href":"https:\/\/alcierrenoticias.com\/index.php\/wp-json\/wp\/v2\/categories?post=16969"},{"taxonomy":"post_tag","embeddable":true,"href":"https:\/\/alcierrenoticias.com\/index.php\/wp-json\/wp\/v2\/tags?post=16969"}],"curies":[{"name":"wp","href":"https:\/\/api.w.org\/{rel}","templated":true}]}}