{"id":16966,"date":"2025-08-19T16:50:59","date_gmt":"2025-08-19T22:50:59","guid":{"rendered":"https:\/\/alcierrenoticias.com\/?p=16966"},"modified":"2025-08-21T16:03:09","modified_gmt":"2025-08-21T22:03:09","slug":"concluye-con-exito-la-decima-sexta-academia-infantil-de-policia-en-camargo","status":"publish","type":"post","link":"https:\/\/alcierrenoticias.com\/index.php\/2025\/08\/19\/concluye-con-exito-la-decima-sexta-academia-infantil-de-policia-en-camargo\/","title":{"rendered":"Concluye con \u00e9xito la D\u00e9cima Sexta Academia Infantil de Polic\u00eda en Camargo."},"content":{"rendered":"<p>La Direcci\u00f3n de Seguridad P\u00fablica Municipal llev\u00f3 a cabo la clausura de la d\u00e9cima sexta edici\u00f3n de la Academia Infantil de Polic\u00eda en Camargo, en la que participaron ciento treinta ni\u00f1as y ni\u00f1os de entre siete y doce a\u00f1os de edad, quienes vivieron la experiencia de conocer m\u00e1s de cerca las labores de los departamentos de Polic\u00eda, Vialidad, Bomberos y el Sub Centro Centinela.<\/p>\n<p>Durante esta edici\u00f3n, las y los participantes desarrollaron actividades deportivas como b\u00e1squetbol y voleibol con el club CUERVOS, adem\u00e1s de integrarse en danza, educaci\u00f3n vial, primeros auxilios y realizar visitas guiadas al C7 y a Bomberos.<br \/>\nEste programa impulsado por la Direcci\u00f3n de Seguridad P\u00fablica busca fomentar en la ni\u00f1ez valores como la disciplina, el respeto y la responsabilidad, al mismo tiempo que acerca a las nuevas generaciones a la labor de las corporaciones de seguridad.<\/p>\n<p>En el marco de la clausura, el Presidente Municipal Jorge Aldana agradeci\u00f3 a las ni\u00f1as, ni\u00f1os y a sus padres por la confianza depositada en esta academia, destacando que este tipo de actividades contribuyen a formar ciudadanos responsables y comprometidos con su entorno.<\/p>\n<p>Las autoridades municipales reiteraron su compromiso de seguir promoviendo acciones que fortalezcan la prevenci\u00f3n y la sana convivencia en Camargo.<\/p>\n","protected":false},"excerpt":{"rendered":"<p>La Direcci\u00f3n de Seguridad P\u00fablica Municipal llev\u00f3 a cabo la clausura de la d\u00e9cima sexta edici\u00f3n de la Academia Infantil de Polic\u00eda en Camargo, en la que participaron ciento treinta ni\u00f1as y ni\u00f1os de entre siete y doce a\u00f1os de edad, quienes vivieron la experiencia de conocer m\u00e1s de cerca las labores de los departamentos de Polic\u00eda, Vialidad, Bomberos y el Sub Centro Centinela. Durante esta edici\u00f3n, las y los participantes desarrollaron actividades deportivas como b\u00e1squetbol y voleibol con el club CUERVOS, adem\u00e1s de integrarse en danza, educaci\u00f3n vial, primeros auxilios y realizar visitas guiadas al C7 y a Bomberos. Este programa impulsado por la Direcci\u00f3n de Seguridad P\u00fablica busca fomentar en la ni\u00f1ez valores como la disciplina, el respeto y la responsabilidad, al mismo tiempo que acerca a las nuevas generaciones a la labor de las corporaciones de seguridad. En el marco de la clausura, el Presidente Municipal Jorge Aldana agradeci\u00f3 a las ni\u00f1as, ni\u00f1os y a sus padres por la confianza depositada en esta academia, destacando que este tipo de actividades contribuyen a formar ciudadanos responsables y comprometidos con su entorno. Las autoridades municipales reiteraron su compromiso de seguir promoviendo acciones que fortalezcan la prevenci\u00f3n y la sana convivencia en Camargo.<\/p>\n","protected":false},"author":2,"featured_media":16967,"comment_status":"open","ping_status":"open","sticky":false,"template":"","format":"standard","meta":{"_monsterinsights_skip_tracking":false,"_monsterinsights_sitenote_active":false,"_monsterinsights_sitenote_note":"","_monsterinsights_sitenote_category":0,"advanced_seo_description":"","jetpack_seo_html_title":"","jetpack_seo_noindex":false,"_jetpack_memberships_contains_paid_content":false,"footnotes":"","jetpack_publicize_message":"","jetpack_publicize_feature_enabled":true,"jetpack_social_post_already_shared":true,"jetpack_social_options":{"image_generator_settings":{"template":"highway","enabled":false},"version":2}},"categories":[8,135,11],"tags":[],"class_list":["post-16966","post","type-post","status-publish","format-standard","has-post-thumbnail","hentry","category-estado","category-lo-mas-leido","category-principal"],"jetpack_publicize_connections":[],"jetpack_sharing_enabled":true,"jetpack_featured_media_url":"https:\/\/i0.wp.com\/alcierrenoticias.com\/wp-content\/uploads\/2025\/08\/WhatsApp-Image-2025-08-19-at-4.50.45-PM.jpeg?fit=1600%2C1066&ssl=1","amp_enabled":true,"_links":{"self":[{"href":"https:\/\/alcierrenoticias.com\/index.php\/wp-json\/wp\/v2\/posts\/16966","targetHints":{"allow":["GET"]}}],"collection":[{"href":"https:\/\/alcierrenoticias.com\/index.php\/wp-json\/wp\/v2\/posts"}],"about":[{"href":"https:\/\/alcierrenoticias.com\/index.php\/wp-json\/wp\/v2\/types\/post"}],"author":[{"embeddable":true,"href":"https:\/\/alcierrenoticias.com\/index.php\/wp-json\/wp\/v2\/users\/2"}],"replies":[{"embeddable":true,"href":"https:\/\/alcierrenoticias.com\/index.php\/wp-json\/wp\/v2\/comments?post=16966"}],"version-history":[{"count":1,"href":"https:\/\/alcierrenoticias.com\/index.php\/wp-json\/wp\/v2\/posts\/16966\/revisions"}],"predecessor-version":[{"id":16968,"href":"https:\/\/alcierrenoticias.com\/index.php\/wp-json\/wp\/v2\/posts\/16966\/revisions\/16968"}],"wp:featuredmedia":[{"embeddable":true,"href":"https:\/\/alcierrenoticias.com\/index.php\/wp-json\/wp\/v2\/media\/16967"}],"wp:attachment":[{"href":"https:\/\/alcierrenoticias.com\/index.php\/wp-json\/wp\/v2\/media?parent=16966"}],"wp:term":[{"taxonomy":"category","embeddable":true,"href":"https:\/\/alcierrenoticias.com\/index.php\/wp-json\/wp\/v2\/categories?post=16966"},{"taxonomy":"post_tag","embeddable":true,"href":"https:\/\/alcierrenoticias.com\/index.php\/wp-json\/wp\/v2\/tags?post=16966"}],"curies":[{"name":"wp","href":"https:\/\/api.w.org\/{rel}","templated":true}]}}