{"id":16960,"date":"2025-08-19T13:00:44","date_gmt":"2025-08-19T19:00:44","guid":{"rendered":"https:\/\/alcierrenoticias.com\/?p=16960"},"modified":"2025-08-19T13:00:44","modified_gmt":"2025-08-19T19:00:44","slug":"invita-valenciano-al-foro-global-agroalimentario-2025-una-oportunidad-para-la-region-agricola-del-centro-sur-de-chihuahua","status":"publish","type":"post","link":"https:\/\/alcierrenoticias.com\/index.php\/2025\/08\/19\/invita-valenciano-al-foro-global-agroalimentario-2025-una-oportunidad-para-la-region-agricola-del-centro-sur-de-chihuahua\/","title":{"rendered":"Invita Valenciano al Foro Global Agroalimentario 2025: una oportunidad para la regi\u00f3n agr\u00edcola del centro-sur de Chihuahua."},"content":{"rendered":"<p>Celebr\u00f3 el presidente municipal de Delicias, Jes\u00fas Valenciano Garc\u00eda, la llegada al estado del Foro Global Agroalimentario 2025, que se realizar\u00e1 los d\u00edas 11 y 12 de septiembre en Expo Chihuahua, durante una rueda de prensa en las oficinas de IDEA. El alcalde hizo un llamado a productores, empresarios y estudiantes de Delicias a sumarse a este evento que representa una ventana \u00fanica al conocimiento de talla mundial.<\/p>\n<p>El foro reunir\u00e1 a m\u00e1s de 10 mil asistentes de 15 pa\u00edses, incluyendo productores agr\u00edcolas, pecuarios y pesqueros, as\u00ed como investigadores y acad\u00e9micos. \u201cEs un momento hist\u00f3rico para nuestra regi\u00f3n centro-sur, esencialmente agr\u00edcola, porque tendremos acceso a tecnolog\u00eda, experiencias y conocimiento que antes solo se pod\u00eda obtener lejos o a alto costo\u201d, afirm\u00f3. Se espera una derrama econ\u00f3mica superior a 22 millones de pesos, beneficiando directamente a la capital del estado.<\/p>\n<p>Bajo el lema \u201cEl Futuro de la Alimentaci\u00f3n\u201d, el encuentro ofrecer\u00e1 conferencias magistrales, paneles de innovaci\u00f3n y sostenibilidad, as\u00ed como la Expo Agro, con los \u00faltimos avances en tecnolog\u00eda, productos y servicios del sector. El alcalde destac\u00f3 la importancia de los espacios de networking, donde los productores podr\u00e1n generar alianzas directas con compradores y proveedores, fortaleciendo su producci\u00f3n y competitividad.<\/p>\n<p>Valenciano Garc\u00eda hizo hincapi\u00e9 en la responsabilidad compartida frente al cambio clim\u00e1tico y la sequ\u00eda, recordando que, aunque las recientes lluvias han dado un respiro, la regi\u00f3n a\u00fan enfrenta retos para asegurar el pr\u00f3ximo ciclo agr\u00edcola. \u201cEste foro es tambi\u00e9n una oportunidad para aprender y cerrar filas en torno a acciones concretas que nos permitan proteger nuestra agua y garantizar la producci\u00f3n de alimentos en nuestra regi\u00f3n y en todo el estado\u201d, subray\u00f3.<\/p>\n<p>El evento contar\u00e1 con la participaci\u00f3n de la gobernadora Maru Campos Galv\u00e1n, el secretario de Agricultura y Desarrollo Rural Dr. Julio Berdegu\u00e9 Sacrist\u00e1n, reafirmaron los l\u00edderes del sector agroindustrial como Manuel Baeza Garc\u00eda, Arturo Gonz\u00e1lez Ruiz y Alejandro Galicia Arias quienes estuvieron tambi\u00e9n en la rueda de prensa. \u201cInvitamos a toda la comunidad agr\u00edcola a aprovechar esta oportunidad \u00fanica de aprendizaje, innovaci\u00f3n y colaboraci\u00f3n. Este foro es para ustedes, para nuestra gente, para el futuro de Chihuahua\u201d, concluyeron.<\/p>\n<p>Para m\u00e1s informaci\u00f3n y consultar el programa completo, los interesados pueden ingresar al sitio www.fga.org.mx o seguir el hashtag #FGA2025.<\/p>\n","protected":false},"excerpt":{"rendered":"<p>Celebr\u00f3 el presidente municipal de Delicias, Jes\u00fas Valenciano Garc\u00eda, la llegada al estado del Foro Global Agroalimentario 2025, que se realizar\u00e1 los d\u00edas 11 y 12 de septiembre en Expo Chihuahua, durante una rueda de prensa en las oficinas de IDEA. El alcalde hizo un llamado a productores, empresarios y estudiantes de Delicias a sumarse a este evento que representa una ventana \u00fanica al conocimiento de talla mundial. El foro reunir\u00e1 a m\u00e1s de 10 mil asistentes de 15 pa\u00edses, incluyendo productores agr\u00edcolas, pecuarios y pesqueros, as\u00ed como investigadores y acad\u00e9micos. \u201cEs un momento hist\u00f3rico para nuestra regi\u00f3n centro-sur, esencialmente agr\u00edcola, porque tendremos acceso a tecnolog\u00eda, experiencias y conocimiento que antes solo se pod\u00eda obtener lejos o a alto costo\u201d, afirm\u00f3. Se espera una derrama econ\u00f3mica superior a 22 millones de pesos, beneficiando directamente a la capital del estado. Bajo el lema \u201cEl Futuro de la Alimentaci\u00f3n\u201d, el encuentro ofrecer\u00e1 conferencias magistrales, paneles de innovaci\u00f3n y sostenibilidad, as\u00ed como la Expo Agro, con los \u00faltimos avances en tecnolog\u00eda, productos y servicios del sector. El alcalde destac\u00f3 la importancia de los espacios de networking, donde los productores podr\u00e1n generar alianzas directas con compradores y proveedores, fortaleciendo su producci\u00f3n y competitividad. Valenciano Garc\u00eda hizo hincapi\u00e9 en la responsabilidad compartida frente al cambio clim\u00e1tico y la sequ\u00eda, recordando que, aunque las recientes lluvias han dado un respiro, la regi\u00f3n a\u00fan enfrenta retos para asegurar el pr\u00f3ximo ciclo agr\u00edcola. \u201cEste foro es tambi\u00e9n una oportunidad para aprender y cerrar filas en torno a acciones concretas que nos permitan proteger nuestra agua y garantizar la producci\u00f3n de alimentos en nuestra regi\u00f3n y en todo el estado\u201d, subray\u00f3. El evento contar\u00e1 con la participaci\u00f3n de la gobernadora Maru Campos Galv\u00e1n, el secretario de Agricultura y Desarrollo Rural Dr. Julio Berdegu\u00e9 Sacrist\u00e1n, reafirmaron los l\u00edderes del sector agroindustrial como Manuel Baeza Garc\u00eda, Arturo Gonz\u00e1lez Ruiz y Alejandro Galicia Arias quienes estuvieron tambi\u00e9n en la rueda de prensa. \u201cInvitamos a toda la comunidad agr\u00edcola a aprovechar esta oportunidad \u00fanica de aprendizaje, innovaci\u00f3n y colaboraci\u00f3n. Este foro es para ustedes, para nuestra gente, para el futuro de Chihuahua\u201d, concluyeron. Para m\u00e1s informaci\u00f3n y consultar el programa completo, los interesados pueden ingresar al sitio www.fga.org.mx o seguir el hashtag #FGA2025.<\/p>\n","protected":false},"author":2,"featured_media":16961,"comment_status":"open","ping_status":"open","sticky":false,"template":"","format":"standard","meta":{"_monsterinsights_skip_tracking":false,"_monsterinsights_sitenote_active":false,"_monsterinsights_sitenote_note":"","_monsterinsights_sitenote_category":0,"advanced_seo_description":"","jetpack_seo_html_title":"","jetpack_seo_noindex":false,"_jetpack_memberships_contains_paid_content":false,"footnotes":"","jetpack_publicize_message":"","jetpack_publicize_feature_enabled":true,"jetpack_social_post_already_shared":true,"jetpack_social_options":{"image_generator_settings":{"template":"highway","enabled":false},"version":2}},"categories":[135,7,11],"tags":[],"class_list":["post-16960","post","type-post","status-publish","format-standard","has-post-thumbnail","hentry","category-lo-mas-leido","category-local","category-principal"],"jetpack_publicize_connections":[],"jetpack_sharing_enabled":true,"jetpack_featured_media_url":"https:\/\/i0.wp.com\/alcierrenoticias.com\/wp-content\/uploads\/2025\/08\/WhatsApp-Image-2025-08-19-at-12.55.02-PM.jpeg?fit=1600%2C1066&ssl=1","amp_enabled":true,"_links":{"self":[{"href":"https:\/\/alcierrenoticias.com\/index.php\/wp-json\/wp\/v2\/posts\/16960","targetHints":{"allow":["GET"]}}],"collection":[{"href":"https:\/\/alcierrenoticias.com\/index.php\/wp-json\/wp\/v2\/posts"}],"about":[{"href":"https:\/\/alcierrenoticias.com\/index.php\/wp-json\/wp\/v2\/types\/post"}],"author":[{"embeddable":true,"href":"https:\/\/alcierrenoticias.com\/index.php\/wp-json\/wp\/v2\/users\/2"}],"replies":[{"embeddable":true,"href":"https:\/\/alcierrenoticias.com\/index.php\/wp-json\/wp\/v2\/comments?post=16960"}],"version-history":[{"count":1,"href":"https:\/\/alcierrenoticias.com\/index.php\/wp-json\/wp\/v2\/posts\/16960\/revisions"}],"predecessor-version":[{"id":16962,"href":"https:\/\/alcierrenoticias.com\/index.php\/wp-json\/wp\/v2\/posts\/16960\/revisions\/16962"}],"wp:featuredmedia":[{"embeddable":true,"href":"https:\/\/alcierrenoticias.com\/index.php\/wp-json\/wp\/v2\/media\/16961"}],"wp:attachment":[{"href":"https:\/\/alcierrenoticias.com\/index.php\/wp-json\/wp\/v2\/media?parent=16960"}],"wp:term":[{"taxonomy":"category","embeddable":true,"href":"https:\/\/alcierrenoticias.com\/index.php\/wp-json\/wp\/v2\/categories?post=16960"},{"taxonomy":"post_tag","embeddable":true,"href":"https:\/\/alcierrenoticias.com\/index.php\/wp-json\/wp\/v2\/tags?post=16960"}],"curies":[{"name":"wp","href":"https:\/\/api.w.org\/{rel}","templated":true}]}}