{"id":16948,"date":"2025-08-18T17:58:32","date_gmt":"2025-08-18T23:58:32","guid":{"rendered":"https:\/\/alcierrenoticias.com\/?p=16948"},"modified":"2025-08-18T23:16:14","modified_gmt":"2025-08-19T05:16:14","slug":"martes-19-de-agosto-entrega-en-meoqui-de-apoyos-alimentarios-a-adultos-mayores-y-personas-con-discapacidad","status":"publish","type":"post","link":"https:\/\/alcierrenoticias.com\/index.php\/2025\/08\/18\/martes-19-de-agosto-entrega-en-meoqui-de-apoyos-alimentarios-a-adultos-mayores-y-personas-con-discapacidad\/","title":{"rendered":"Martes 19 de agosto, entrega en Meoqui de apoyos alimentarios a adultos mayores y personas con discapacidad."},"content":{"rendered":"<p>El padr\u00f3n est\u00e1 conformado por 400 beneficiarios quienes deber\u00e1n acudir a las instalaciones del DIF Municipal<\/p>\n<p>Este martes 19 de agosto se llevar\u00e1 a cabo la segunda entrega de apoyos alimentarios del programa por parte de Gobierno del Estado dirigido a personas adultas mayores y personas con discapacidad, la cual se realizar\u00e1 en las instalaciones del DIF municipal, iniciando a las 9:00 a.m. para adultos mayores y a las 11:00 a.m. para personas con discapacidad, donde se beneficiar\u00e1 a 400 personas quienes recibir\u00e1n dos despensas correspondientes al bimestre, sumando un total de 800 apoyos alimentarios.<\/p>\n<p>\u201cEs indispensable que el beneficiario acuda personalmente, ya que se toma una fotograf\u00eda como comprobante de entrega\u201d, explic\u00f3 Luis Valles, director del DIF Municipal, a\u00f1adiendo que, en casos, donde la persona con discapacidad no pueda asistir por su condici\u00f3n, podr\u00e1 hacerlo un tutor o representante con una carta poder simple, debidamente firmada o con huella, en caso de que el beneficiario no pueda firmar.<\/p>\n<p>Asimismo, mencion\u00f3 que este programa llega a Meoqui gracias a las gestiones de la alcaldesa Miriam Soto ante el DIF Estatal, el cual tiene una duraci\u00f3n de un a\u00f1o, con entregas peri\u00f3dicas y tiene como objetivo mejorar la calidad de vida de las personas m\u00e1s vulnerables, haciendo un llamado a los beneficiaros para que se acerquen y puedan recibir este apoyo.<\/p>\n","protected":false},"excerpt":{"rendered":"<p>El padr\u00f3n est\u00e1 conformado por 400 beneficiarios quienes deber\u00e1n acudir a las instalaciones del DIF Municipal Este martes 19 de agosto se llevar\u00e1 a cabo la segunda entrega de apoyos alimentarios del programa por parte de Gobierno del Estado dirigido a personas adultas mayores y personas con discapacidad, la cual se realizar\u00e1 en las instalaciones del DIF municipal, iniciando a las 9:00 a.m. para adultos mayores y a las 11:00 a.m. para personas con discapacidad, donde se beneficiar\u00e1 a 400 personas quienes recibir\u00e1n dos despensas correspondientes al bimestre, sumando un total de 800 apoyos alimentarios. \u201cEs indispensable que el beneficiario acuda personalmente, ya que se toma una fotograf\u00eda como comprobante de entrega\u201d, explic\u00f3 Luis Valles, director del DIF Municipal, a\u00f1adiendo que, en casos, donde la persona con discapacidad no pueda asistir por su condici\u00f3n, podr\u00e1 hacerlo un tutor o representante con una carta poder simple, debidamente firmada o con huella, en caso de que el beneficiario no pueda firmar. Asimismo, mencion\u00f3 que este programa llega a Meoqui gracias a las gestiones de la alcaldesa Miriam Soto ante el DIF Estatal, el cual tiene una duraci\u00f3n de un a\u00f1o, con entregas peri\u00f3dicas y tiene como objetivo mejorar la calidad de vida de las personas m\u00e1s vulnerables, haciendo un llamado a los beneficiaros para que se acerquen y puedan recibir este apoyo.<\/p>\n","protected":false},"author":2,"featured_media":16949,"comment_status":"open","ping_status":"open","sticky":false,"template":"","format":"standard","meta":{"_monsterinsights_skip_tracking":false,"_monsterinsights_sitenote_active":false,"_monsterinsights_sitenote_note":"","_monsterinsights_sitenote_category":0,"advanced_seo_description":"","jetpack_seo_html_title":"","jetpack_seo_noindex":false,"_jetpack_memberships_contains_paid_content":false,"footnotes":"","jetpack_publicize_message":"","jetpack_publicize_feature_enabled":true,"jetpack_social_post_already_shared":true,"jetpack_social_options":{"image_generator_settings":{"template":"highway","enabled":false},"version":2}},"categories":[135,7,11],"tags":[],"class_list":["post-16948","post","type-post","status-publish","format-standard","has-post-thumbnail","hentry","category-lo-mas-leido","category-local","category-principal"],"jetpack_publicize_connections":[],"jetpack_sharing_enabled":true,"jetpack_featured_media_url":"https:\/\/i0.wp.com\/alcierrenoticias.com\/wp-content\/uploads\/2025\/08\/WhatsApp-Image-2025-08-18-at-5.56.16-PM.jpeg?fit=1280%2C853&ssl=1","amp_enabled":true,"_links":{"self":[{"href":"https:\/\/alcierrenoticias.com\/index.php\/wp-json\/wp\/v2\/posts\/16948","targetHints":{"allow":["GET"]}}],"collection":[{"href":"https:\/\/alcierrenoticias.com\/index.php\/wp-json\/wp\/v2\/posts"}],"about":[{"href":"https:\/\/alcierrenoticias.com\/index.php\/wp-json\/wp\/v2\/types\/post"}],"author":[{"embeddable":true,"href":"https:\/\/alcierrenoticias.com\/index.php\/wp-json\/wp\/v2\/users\/2"}],"replies":[{"embeddable":true,"href":"https:\/\/alcierrenoticias.com\/index.php\/wp-json\/wp\/v2\/comments?post=16948"}],"version-history":[{"count":2,"href":"https:\/\/alcierrenoticias.com\/index.php\/wp-json\/wp\/v2\/posts\/16948\/revisions"}],"predecessor-version":[{"id":16951,"href":"https:\/\/alcierrenoticias.com\/index.php\/wp-json\/wp\/v2\/posts\/16948\/revisions\/16951"}],"wp:featuredmedia":[{"embeddable":true,"href":"https:\/\/alcierrenoticias.com\/index.php\/wp-json\/wp\/v2\/media\/16949"}],"wp:attachment":[{"href":"https:\/\/alcierrenoticias.com\/index.php\/wp-json\/wp\/v2\/media?parent=16948"}],"wp:term":[{"taxonomy":"category","embeddable":true,"href":"https:\/\/alcierrenoticias.com\/index.php\/wp-json\/wp\/v2\/categories?post=16948"},{"taxonomy":"post_tag","embeddable":true,"href":"https:\/\/alcierrenoticias.com\/index.php\/wp-json\/wp\/v2\/tags?post=16948"}],"curies":[{"name":"wp","href":"https:\/\/api.w.org\/{rel}","templated":true}]}}