{"id":16942,"date":"2025-08-16T21:09:16","date_gmt":"2025-08-17T03:09:16","guid":{"rendered":"https:\/\/alcierrenoticias.com\/?p=16942"},"modified":"2025-08-18T23:13:17","modified_gmt":"2025-08-19T05:13:17","slug":"meoqui-dentro-de-la-primera-convocatoria-de-reconocimiento-a-las-buenas-practicas-de-seguridad-ciudadana-en-mexico","status":"publish","type":"post","link":"https:\/\/alcierrenoticias.com\/index.php\/2025\/08\/16\/meoqui-dentro-de-la-primera-convocatoria-de-reconocimiento-a-las-buenas-practicas-de-seguridad-ciudadana-en-mexico\/","title":{"rendered":"Meoqui dentro de la Primera Convocatoria de Reconocimiento a las Buenas Pr\u00e1cticas de Seguridad Ciudadana en Mexico."},"content":{"rendered":"<p>Iniciativa \u201cPoliCIAS por la Paz\u201d dentro de los proyectos admitidos en la IBERO M\u00e9xico y evaluado por jueces nacionales e internacionales<\/p>\n<p>El municipio de Meoqui form\u00f3 parte de la Primera Convocatoria de Reconocimiento a las Buenas Pr\u00e1cticas de Seguridad Ciudadana con el programa \u201cPoliCIAS por la Paz\u201d, el cual fue uno de los 41 proyectos de 7 ciudades del pais, admitidos en la Universidad Ibero y evaluados por jueces nacionales e internacionales.<\/p>\n<p>La alcaldesa Miriam Soto agradeci\u00f3 a la Universidad Ibero por tomar en cuenta por un y subray\u00f3 que el proyecto fue reconocido como una \u201ciniciativa prometedora\u201d, reflejando el trabajo que se realiza en materia de seguridad y reconstrucci\u00f3n del tejido social dentro del municipio, a trav\u00e9s de la vinculaci\u00f3n de la Polic\u00eda Municipal con los ciudadanos.<\/p>\n<p>Asimismo destac\u00f3 otros programas como lo es \u201cMi Barrio me Respalda\u201d con la entrega de \u201cmuros vinculantes\u201d, los cuales fortalecen la identidad de las colonias y promueven la convivencia entre los mismos vecinos: \u201cYa lo hicimos en el callej\u00f3n 5 de Febrero, en la colonia Genaro V\u00e1zquez y estamos por entregar el tercero en la colonia San Antonio, en el Parque de la Amistad\u201d, coment\u00f3, al se\u00f1alar que estas obras representan un punto de encuentro para las familias y un s\u00edmbolo de unidad para cada comunidad.<\/p>\n","protected":false},"excerpt":{"rendered":"<p>Iniciativa \u201cPoliCIAS por la Paz\u201d dentro de los proyectos admitidos en la IBERO M\u00e9xico y evaluado por jueces nacionales e internacionales El municipio de Meoqui form\u00f3 parte de la Primera Convocatoria de Reconocimiento a las Buenas Pr\u00e1cticas de Seguridad Ciudadana con el programa \u201cPoliCIAS por la Paz\u201d, el cual fue uno de los 41 proyectos de 7 ciudades del pais, admitidos en la Universidad Ibero y evaluados por jueces nacionales e internacionales. La alcaldesa Miriam Soto agradeci\u00f3 a la Universidad Ibero por tomar en cuenta por un y subray\u00f3 que el proyecto fue reconocido como una \u201ciniciativa prometedora\u201d, reflejando el trabajo que se realiza en materia de seguridad y reconstrucci\u00f3n del tejido social dentro del municipio, a trav\u00e9s de la vinculaci\u00f3n de la Polic\u00eda Municipal con los ciudadanos. Asimismo destac\u00f3 otros programas como lo es \u201cMi Barrio me Respalda\u201d con la entrega de \u201cmuros vinculantes\u201d, los cuales fortalecen la identidad de las colonias y promueven la convivencia entre los mismos vecinos: \u201cYa lo hicimos en el callej\u00f3n 5 de Febrero, en la colonia Genaro V\u00e1zquez y estamos por entregar el tercero en la colonia San Antonio, en el Parque de la Amistad\u201d, coment\u00f3, al se\u00f1alar que estas obras representan un punto de encuentro para las familias y un s\u00edmbolo de unidad para cada comunidad.<\/p>\n","protected":false},"author":2,"featured_media":16946,"comment_status":"open","ping_status":"open","sticky":false,"template":"","format":"standard","meta":{"_monsterinsights_skip_tracking":false,"_monsterinsights_sitenote_active":false,"_monsterinsights_sitenote_note":"","_monsterinsights_sitenote_category":0,"advanced_seo_description":"","jetpack_seo_html_title":"","jetpack_seo_noindex":false,"_jetpack_memberships_contains_paid_content":false,"footnotes":"","jetpack_publicize_message":"","jetpack_publicize_feature_enabled":true,"jetpack_social_post_already_shared":true,"jetpack_social_options":{"image_generator_settings":{"template":"highway","enabled":false},"version":2}},"categories":[135,7,11],"tags":[],"class_list":["post-16942","post","type-post","status-publish","format-standard","has-post-thumbnail","hentry","category-lo-mas-leido","category-local","category-principal"],"jetpack_publicize_connections":[],"jetpack_sharing_enabled":true,"jetpack_featured_media_url":"https:\/\/i0.wp.com\/alcierrenoticias.com\/wp-content\/uploads\/2025\/08\/WhatsApp-Image-2025-08-16-at-10.06.07-PM-e1755580385344.jpeg?fit=500%2C601&ssl=1","amp_enabled":true,"_links":{"self":[{"href":"https:\/\/alcierrenoticias.com\/index.php\/wp-json\/wp\/v2\/posts\/16942","targetHints":{"allow":["GET"]}}],"collection":[{"href":"https:\/\/alcierrenoticias.com\/index.php\/wp-json\/wp\/v2\/posts"}],"about":[{"href":"https:\/\/alcierrenoticias.com\/index.php\/wp-json\/wp\/v2\/types\/post"}],"author":[{"embeddable":true,"href":"https:\/\/alcierrenoticias.com\/index.php\/wp-json\/wp\/v2\/users\/2"}],"replies":[{"embeddable":true,"href":"https:\/\/alcierrenoticias.com\/index.php\/wp-json\/wp\/v2\/comments?post=16942"}],"version-history":[{"count":2,"href":"https:\/\/alcierrenoticias.com\/index.php\/wp-json\/wp\/v2\/posts\/16942\/revisions"}],"predecessor-version":[{"id":16947,"href":"https:\/\/alcierrenoticias.com\/index.php\/wp-json\/wp\/v2\/posts\/16942\/revisions\/16947"}],"wp:featuredmedia":[{"embeddable":true,"href":"https:\/\/alcierrenoticias.com\/index.php\/wp-json\/wp\/v2\/media\/16946"}],"wp:attachment":[{"href":"https:\/\/alcierrenoticias.com\/index.php\/wp-json\/wp\/v2\/media?parent=16942"}],"wp:term":[{"taxonomy":"category","embeddable":true,"href":"https:\/\/alcierrenoticias.com\/index.php\/wp-json\/wp\/v2\/categories?post=16942"},{"taxonomy":"post_tag","embeddable":true,"href":"https:\/\/alcierrenoticias.com\/index.php\/wp-json\/wp\/v2\/tags?post=16942"}],"curies":[{"name":"wp","href":"https:\/\/api.w.org\/{rel}","templated":true}]}}