{"id":16938,"date":"2025-08-16T20:01:11","date_gmt":"2025-08-17T02:01:11","guid":{"rendered":"https:\/\/alcierrenoticias.com\/?p=16938"},"modified":"2025-08-18T23:08:57","modified_gmt":"2025-08-19T05:08:57","slug":"culminan-instalacion-de-malla-sombra-en-el-parque-del-dif-de-meoqui","status":"publish","type":"post","link":"https:\/\/alcierrenoticias.com\/index.php\/2025\/08\/16\/culminan-instalacion-de-malla-sombra-en-el-parque-del-dif-de-meoqui\/","title":{"rendered":"Culminan instalaci\u00f3n de malla sombra en el Parque del DIF de Meoqui."},"content":{"rendered":"<p>Invitan a habitantes de Meoqui y la regi\u00f3n a visitar este espacio creado para las familias, abierto de lunes a domingo<\/p>\n<p>En dias pasados, concluy\u00f3 con la instalaci\u00f3n de malla sombra en el Parque del DIF, atendiendo una petici\u00f3n de la misma ciudadan\u00eda en este espacio que recibe no solo a familias del municipio sino tambi\u00e9n de la regi\u00f3n, teniendo una inversi\u00f3n cercana a los 100 mil pesos, esto gracias a las aportaciones de 10 pesos que pagan los usuarios al ingresar al recinto y recursos propios del Desarrollo Integral de la Familia.<\/p>\n<p>\u201cSe instalaron tres mallas sombras: una en el \u00e1rea de juegos para ni\u00f1os peque\u00f1os, otra en la de ni\u00f1os grandes y una m\u00e1s en el \u00e1rea de mesitas y sillas\u201d, inform\u00f3 Luis Valles, director del DIF Municipal, quien explic\u00f3 que estas estructuras no solo ayudar\u00e1n a preservar los juegos, evitando da\u00f1os por la exposici\u00f3n al sol, sino que tambi\u00e9n permitir\u00e1n que las familias puedan disfrutar del parque desde m\u00e1s temprano, incluso en d\u00edas calurosos.<\/p>\n<p>Adem\u00e1s, record\u00f3 que el parquecito tambi\u00e9n puede rentarse para eventos privados como pi\u00f1atas familiares, y que la solicitud de instalar malla sombras fue planteada en varias ocasiones por quienes organizan este tipo de actividades.<\/p>\n<p>Finalmente record\u00f3 que el Parque del DIF abre de lunes a viernes de 6:00 de la tarde a 9:00 de la noche, y los s\u00e1bados y domingos de 5:00 de la tarde a 9:00 de la noche, reiterando la invitaci\u00f3n a las familias a visitar este lugar y resalt\u00f3 que los ingresos de taquilla son destinados a su mantenimiento y mejora.<\/p>\n<p>\u201cQueremos que el parquecito siga siendo un punto de encuentro para las familias de Meoqui, ahora con espacios m\u00e1s c\u00f3modos y protegidos del sol\u201d, concluy\u00f3 el director del DIF.<\/p>\n","protected":false},"excerpt":{"rendered":"<p>Invitan a habitantes de Meoqui y la regi\u00f3n a visitar este espacio creado para las familias, abierto de lunes a domingo En dias pasados, concluy\u00f3 con la instalaci\u00f3n de malla sombra en el Parque del DIF, atendiendo una petici\u00f3n de la misma ciudadan\u00eda en este espacio que recibe no solo a familias del municipio sino tambi\u00e9n de la regi\u00f3n, teniendo una inversi\u00f3n cercana a los 100 mil pesos, esto gracias a las aportaciones de 10 pesos que pagan los usuarios al ingresar al recinto y recursos propios del Desarrollo Integral de la Familia. \u201cSe instalaron tres mallas sombras: una en el \u00e1rea de juegos para ni\u00f1os peque\u00f1os, otra en la de ni\u00f1os grandes y una m\u00e1s en el \u00e1rea de mesitas y sillas\u201d, inform\u00f3 Luis Valles, director del DIF Municipal, quien explic\u00f3 que estas estructuras no solo ayudar\u00e1n a preservar los juegos, evitando da\u00f1os por la exposici\u00f3n al sol, sino que tambi\u00e9n permitir\u00e1n que las familias puedan disfrutar del parque desde m\u00e1s temprano, incluso en d\u00edas calurosos. Adem\u00e1s, record\u00f3 que el parquecito tambi\u00e9n puede rentarse para eventos privados como pi\u00f1atas familiares, y que la solicitud de instalar malla sombras fue planteada en varias ocasiones por quienes organizan este tipo de actividades. Finalmente record\u00f3 que el Parque del DIF abre de lunes a viernes de 6:00 de la tarde a 9:00 de la noche, y los s\u00e1bados y domingos de 5:00 de la tarde a 9:00 de la noche, reiterando la invitaci\u00f3n a las familias a visitar este lugar y resalt\u00f3 que los ingresos de taquilla son destinados a su mantenimiento y mejora. \u201cQueremos que el parquecito siga siendo un punto de encuentro para las familias de Meoqui, ahora con espacios m\u00e1s c\u00f3modos y protegidos del sol\u201d, concluy\u00f3 el director del DIF.<\/p>\n","protected":false},"author":2,"featured_media":16939,"comment_status":"open","ping_status":"open","sticky":false,"template":"","format":"standard","meta":{"_monsterinsights_skip_tracking":false,"_monsterinsights_sitenote_active":false,"_monsterinsights_sitenote_note":"","_monsterinsights_sitenote_category":0,"advanced_seo_description":"","jetpack_seo_html_title":"","jetpack_seo_noindex":false,"_jetpack_memberships_contains_paid_content":false,"footnotes":"","jetpack_publicize_message":"","jetpack_publicize_feature_enabled":true,"jetpack_social_post_already_shared":true,"jetpack_social_options":{"image_generator_settings":{"template":"highway","enabled":false},"version":2}},"categories":[135,7,11],"tags":[],"class_list":["post-16938","post","type-post","status-publish","format-standard","has-post-thumbnail","hentry","category-lo-mas-leido","category-local","category-principal"],"jetpack_publicize_connections":[],"jetpack_sharing_enabled":true,"jetpack_featured_media_url":"https:\/\/i0.wp.com\/alcierrenoticias.com\/wp-content\/uploads\/2025\/08\/WhatsApp-Image-2025-08-16-at-10.06.06-PM.jpeg?fit=1280%2C853&ssl=1","amp_enabled":true,"_links":{"self":[{"href":"https:\/\/alcierrenoticias.com\/index.php\/wp-json\/wp\/v2\/posts\/16938","targetHints":{"allow":["GET"]}}],"collection":[{"href":"https:\/\/alcierrenoticias.com\/index.php\/wp-json\/wp\/v2\/posts"}],"about":[{"href":"https:\/\/alcierrenoticias.com\/index.php\/wp-json\/wp\/v2\/types\/post"}],"author":[{"embeddable":true,"href":"https:\/\/alcierrenoticias.com\/index.php\/wp-json\/wp\/v2\/users\/2"}],"replies":[{"embeddable":true,"href":"https:\/\/alcierrenoticias.com\/index.php\/wp-json\/wp\/v2\/comments?post=16938"}],"version-history":[{"count":2,"href":"https:\/\/alcierrenoticias.com\/index.php\/wp-json\/wp\/v2\/posts\/16938\/revisions"}],"predecessor-version":[{"id":16941,"href":"https:\/\/alcierrenoticias.com\/index.php\/wp-json\/wp\/v2\/posts\/16938\/revisions\/16941"}],"wp:featuredmedia":[{"embeddable":true,"href":"https:\/\/alcierrenoticias.com\/index.php\/wp-json\/wp\/v2\/media\/16939"}],"wp:attachment":[{"href":"https:\/\/alcierrenoticias.com\/index.php\/wp-json\/wp\/v2\/media?parent=16938"}],"wp:term":[{"taxonomy":"category","embeddable":true,"href":"https:\/\/alcierrenoticias.com\/index.php\/wp-json\/wp\/v2\/categories?post=16938"},{"taxonomy":"post_tag","embeddable":true,"href":"https:\/\/alcierrenoticias.com\/index.php\/wp-json\/wp\/v2\/tags?post=16938"}],"curies":[{"name":"wp","href":"https:\/\/api.w.org\/{rel}","templated":true}]}}