{"id":16930,"date":"2025-08-18T21:34:54","date_gmt":"2025-08-19T03:34:54","guid":{"rendered":"https:\/\/alcierrenoticias.com\/?p=16930"},"modified":"2025-08-18T21:34:54","modified_gmt":"2025-08-19T03:34:54","slug":"gobierno-municipal-de-camargo-niega-categoricamente-relacion-laboral-con-presunto-detenido-en-estados-unidos","status":"publish","type":"post","link":"https:\/\/alcierrenoticias.com\/index.php\/2025\/08\/18\/gobierno-municipal-de-camargo-niega-categoricamente-relacion-laboral-con-presunto-detenido-en-estados-unidos\/","title":{"rendered":"Gobierno Municipal de Camargo niega categ\u00f3ricamente relaci\u00f3n laboral con presunto detenido en Estados Unidos."},"content":{"rendered":"<p>El Gobierno Municipal de Camargo, a trav\u00e9s de un comunicado oficial, niega categ\u00f3ricamente cualquier relaci\u00f3n laboral con el ciudadano Pedro B. D. R., quien ha sido se\u00f1alado como presunto detenido en Estados Unidos.<\/p>\n<p>El Gobierno Municipal aclara que esta persona caus\u00f3 baja de la administraci\u00f3n municipal desde el a\u00f1o 2024, por lo que durante la presente administraci\u00f3n no ha tenido ning\u00fan v\u00ednculo laboral ni funcional con ninguna dependencia del gobierno.<\/p>\n<p>El Gobierno Municipal de Camargo, est\u00e1 comprometido con la verdad, la presunci\u00f3n de inocencia y la impartici\u00f3n de justicia, y reafirma su compromiso de trabajar en favor de la transparencia y el respeto para los Camarguenses.<\/p>\n","protected":false},"excerpt":{"rendered":"<p>El Gobierno Municipal de Camargo, a trav\u00e9s de un comunicado oficial, niega categ\u00f3ricamente cualquier relaci\u00f3n laboral con el ciudadano Pedro B. D. R., quien ha sido se\u00f1alado como presunto detenido en Estados Unidos. El Gobierno Municipal aclara que esta persona caus\u00f3 baja de la administraci\u00f3n municipal desde el a\u00f1o 2024, por lo que durante la presente administraci\u00f3n no ha tenido ning\u00fan v\u00ednculo laboral ni funcional con ninguna dependencia del gobierno. El Gobierno Municipal de Camargo, est\u00e1 comprometido con la verdad, la presunci\u00f3n de inocencia y la impartici\u00f3n de justicia, y reafirma su compromiso de trabajar en favor de la transparencia y el respeto para los Camarguenses.<\/p>\n","protected":false},"author":2,"featured_media":16931,"comment_status":"open","ping_status":"open","sticky":false,"template":"","format":"standard","meta":{"_monsterinsights_skip_tracking":false,"_monsterinsights_sitenote_active":false,"_monsterinsights_sitenote_note":"","_monsterinsights_sitenote_category":0,"advanced_seo_description":"","jetpack_seo_html_title":"","jetpack_seo_noindex":false,"_jetpack_memberships_contains_paid_content":false,"footnotes":"","jetpack_publicize_message":"","jetpack_publicize_feature_enabled":true,"jetpack_social_post_already_shared":true,"jetpack_social_options":{"image_generator_settings":{"template":"highway","enabled":false},"version":2}},"categories":[8,135,11],"tags":[],"class_list":["post-16930","post","type-post","status-publish","format-standard","has-post-thumbnail","hentry","category-estado","category-lo-mas-leido","category-principal"],"jetpack_publicize_connections":[],"jetpack_sharing_enabled":true,"jetpack_featured_media_url":"https:\/\/i0.wp.com\/alcierrenoticias.com\/wp-content\/uploads\/2025\/08\/WhatsApp-Image-2025-08-18-at-9.15.09-PM.jpeg?fit=1284%2C710&ssl=1","amp_enabled":true,"_links":{"self":[{"href":"https:\/\/alcierrenoticias.com\/index.php\/wp-json\/wp\/v2\/posts\/16930","targetHints":{"allow":["GET"]}}],"collection":[{"href":"https:\/\/alcierrenoticias.com\/index.php\/wp-json\/wp\/v2\/posts"}],"about":[{"href":"https:\/\/alcierrenoticias.com\/index.php\/wp-json\/wp\/v2\/types\/post"}],"author":[{"embeddable":true,"href":"https:\/\/alcierrenoticias.com\/index.php\/wp-json\/wp\/v2\/users\/2"}],"replies":[{"embeddable":true,"href":"https:\/\/alcierrenoticias.com\/index.php\/wp-json\/wp\/v2\/comments?post=16930"}],"version-history":[{"count":2,"href":"https:\/\/alcierrenoticias.com\/index.php\/wp-json\/wp\/v2\/posts\/16930\/revisions"}],"predecessor-version":[{"id":16933,"href":"https:\/\/alcierrenoticias.com\/index.php\/wp-json\/wp\/v2\/posts\/16930\/revisions\/16933"}],"wp:featuredmedia":[{"embeddable":true,"href":"https:\/\/alcierrenoticias.com\/index.php\/wp-json\/wp\/v2\/media\/16931"}],"wp:attachment":[{"href":"https:\/\/alcierrenoticias.com\/index.php\/wp-json\/wp\/v2\/media?parent=16930"}],"wp:term":[{"taxonomy":"category","embeddable":true,"href":"https:\/\/alcierrenoticias.com\/index.php\/wp-json\/wp\/v2\/categories?post=16930"},{"taxonomy":"post_tag","embeddable":true,"href":"https:\/\/alcierrenoticias.com\/index.php\/wp-json\/wp\/v2\/tags?post=16930"}],"curies":[{"name":"wp","href":"https:\/\/api.w.org\/{rel}","templated":true}]}}