{"id":16922,"date":"2025-08-15T20:07:52","date_gmt":"2025-08-16T02:07:52","guid":{"rendered":"https:\/\/alcierrenoticias.com\/?p=16922"},"modified":"2025-08-15T20:08:42","modified_gmt":"2025-08-16T02:08:42","slug":"hoy-cierre-temporal-de-la-calle-comonfort-por-trabajos-de-las-cuadrillas-de-bacheo","status":"publish","type":"post","link":"https:\/\/alcierrenoticias.com\/index.php\/2025\/08\/15\/hoy-cierre-temporal-de-la-calle-comonfort-por-trabajos-de-las-cuadrillas-de-bacheo\/","title":{"rendered":"Hoy cierre temporal de la calle Comonfort por trabajos de las cuadrillas de bacheo."},"content":{"rendered":"<p>El Gobierno Municipal de Camargo informa a la ciudadan\u00eda que el d\u00eda de hoy, la calle Comonfort permanecer\u00e1 cerrada durante un lapso aproximado de dos horas, en el tramo comprendido entre la avenida Ju\u00e1rez y la calle Jim\u00e9nez.<\/p>\n<p>Este cierre se debe a las labores de reparaci\u00f3n que llevar\u00e1n a cabo las cuadrillas del programa de bacheo, con el objetivo de mejorar las condiciones de la vialidad y garantizar una circulaci\u00f3n m\u00e1s segura para todos. Se invita a los automovilistas y peatones a tomar v\u00edas alternas durante este tiempo, as\u00ed como a respetar la se\u00f1alizaci\u00f3n colocada en la zona.<\/p>\n<p>El Gobierno Municipal agradece la paciencia y comprensi\u00f3n de los camarguenses ante estas acciones que contribuyen al bienestar y la seguridad vial de nuestra comunidad.<\/p>\n","protected":false},"excerpt":{"rendered":"<p>El Gobierno Municipal de Camargo informa a la ciudadan\u00eda que el d\u00eda de hoy, la calle Comonfort permanecer\u00e1 cerrada durante un lapso aproximado de dos horas, en el tramo comprendido entre la avenida Ju\u00e1rez y la calle Jim\u00e9nez. Este cierre se debe a las labores de reparaci\u00f3n que llevar\u00e1n a cabo las cuadrillas del programa de bacheo, con el objetivo de mejorar las condiciones de la vialidad y garantizar una circulaci\u00f3n m\u00e1s segura para todos. Se invita a los automovilistas y peatones a tomar v\u00edas alternas durante este tiempo, as\u00ed como a respetar la se\u00f1alizaci\u00f3n colocada en la zona. El Gobierno Municipal agradece la paciencia y comprensi\u00f3n de los camarguenses ante estas acciones que contribuyen al bienestar y la seguridad vial de nuestra comunidad.<\/p>\n","protected":false},"author":2,"featured_media":16923,"comment_status":"open","ping_status":"open","sticky":false,"template":"","format":"standard","meta":{"_monsterinsights_skip_tracking":false,"_monsterinsights_sitenote_active":false,"_monsterinsights_sitenote_note":"","_monsterinsights_sitenote_category":0,"advanced_seo_description":"","jetpack_seo_html_title":"","jetpack_seo_noindex":false,"_jetpack_memberships_contains_paid_content":false,"footnotes":"","jetpack_publicize_message":"","jetpack_publicize_feature_enabled":true,"jetpack_social_post_already_shared":true,"jetpack_social_options":{"image_generator_settings":{"template":"highway","enabled":false},"version":2}},"categories":[135,7,11],"tags":[],"class_list":["post-16922","post","type-post","status-publish","format-standard","has-post-thumbnail","hentry","category-lo-mas-leido","category-local","category-principal"],"jetpack_publicize_connections":[],"jetpack_sharing_enabled":true,"jetpack_featured_media_url":"https:\/\/i0.wp.com\/alcierrenoticias.com\/wp-content\/uploads\/2025\/08\/WhatsApp-Image-2025-08-15-at-3.48.36-PM-e1755310115928.jpeg?fit=400%2C451&ssl=1","amp_enabled":true,"_links":{"self":[{"href":"https:\/\/alcierrenoticias.com\/index.php\/wp-json\/wp\/v2\/posts\/16922","targetHints":{"allow":["GET"]}}],"collection":[{"href":"https:\/\/alcierrenoticias.com\/index.php\/wp-json\/wp\/v2\/posts"}],"about":[{"href":"https:\/\/alcierrenoticias.com\/index.php\/wp-json\/wp\/v2\/types\/post"}],"author":[{"embeddable":true,"href":"https:\/\/alcierrenoticias.com\/index.php\/wp-json\/wp\/v2\/users\/2"}],"replies":[{"embeddable":true,"href":"https:\/\/alcierrenoticias.com\/index.php\/wp-json\/wp\/v2\/comments?post=16922"}],"version-history":[{"count":1,"href":"https:\/\/alcierrenoticias.com\/index.php\/wp-json\/wp\/v2\/posts\/16922\/revisions"}],"predecessor-version":[{"id":16924,"href":"https:\/\/alcierrenoticias.com\/index.php\/wp-json\/wp\/v2\/posts\/16922\/revisions\/16924"}],"wp:featuredmedia":[{"embeddable":true,"href":"https:\/\/alcierrenoticias.com\/index.php\/wp-json\/wp\/v2\/media\/16923"}],"wp:attachment":[{"href":"https:\/\/alcierrenoticias.com\/index.php\/wp-json\/wp\/v2\/media?parent=16922"}],"wp:term":[{"taxonomy":"category","embeddable":true,"href":"https:\/\/alcierrenoticias.com\/index.php\/wp-json\/wp\/v2\/categories?post=16922"},{"taxonomy":"post_tag","embeddable":true,"href":"https:\/\/alcierrenoticias.com\/index.php\/wp-json\/wp\/v2\/tags?post=16922"}],"curies":[{"name":"wp","href":"https:\/\/api.w.org\/{rel}","templated":true}]}}