{"id":16903,"date":"2025-08-15T17:56:35","date_gmt":"2025-08-15T23:56:35","guid":{"rendered":"https:\/\/alcierrenoticias.com\/?p=16903"},"modified":"2025-08-15T17:56:35","modified_gmt":"2025-08-15T23:56:35","slug":"inauguran-tercera-edicion-del-dia-de-la-alfalfa-en-meoqui-estara-en-el-rancho-santa-anita-hasta-las-8-pm","status":"publish","type":"post","link":"https:\/\/alcierrenoticias.com\/index.php\/2025\/08\/15\/inauguran-tercera-edicion-del-dia-de-la-alfalfa-en-meoqui-estara-en-el-rancho-santa-anita-hasta-las-8-pm\/","title":{"rendered":"Inauguran tercera edici\u00f3n del D\u00eda de la Alfalfa en Meoqui, estar\u00e1 en el Rancho Santa Anita hasta las 8 pm."},"content":{"rendered":"<p>Los asistentes pueden disfrutar de exposiciones de productos, maquinaria agr\u00edcola, conferencias, actividades did\u00e1cticas para ni\u00f1os, espect\u00e1culos art\u00edsticos y musicales<\/p>\n<p>Con gran asistencia de productores, empresarios y familias, se lleva a cabo la inauguraci\u00f3n de la tercera edici\u00f3n del D\u00eda de la Alfalfa, evento que naci\u00f3 gracias a la iniciativa de la empresa Maquiagro, orgullosamente meoquense, con el apoyo del Gobierno Municipal encabezado por la alcaldesa Miriam Soto y de Gobierno del Estado, donde los asistentes pueden disfrutar de exposiciones de productos regionales y maquinaria agr\u00edcola, conferencias, actividades did\u00e1cticas para ni\u00f1os, espect\u00e1culos art\u00edsticos y musicales, as\u00ed como un \u00e1rea de alimentos para comodidad de los asistentes hasta las 8 de la noche en el Rancho Santa Anita.<\/p>\n<p>El secretario municipal, Jorge Vel\u00e1zquez, destac\u00f3 que este proyecto se ha consolidado como un evento de turismo de negocios, generando identidad regional y estrechando lazos comerciales con zonas como el noroeste de Chihuahua y la Comarca Lagunera de Coahuila y Durango. \u201cNuestra regi\u00f3n tiene m\u00e1s del 80% de su vocaci\u00f3n productiva vinculada al sector agro, por lo que este d\u00eda es un homenaje a todas las familias que dependen de esta actividad\u201d, expres\u00f3.<\/p>\n<p>\u201cEs un espacio para concretar negocios, convivir en familia y reconocer la importancia de la industria agr\u00edcola y ganadera de nuestra regi\u00f3n\u201d mencion\u00f3 Jorge Vel\u00e1zquez, destacando adem\u00e1s el impulso econ\u00f3mico y la proyecci\u00f3n del sector agroindustrial, agregando que el evento mantiene un sentido social, destinando cada a\u00f1o un donativo a una asociaci\u00f3n civil, haciendo \u00e9nfasis en que, en esta edici\u00f3n, la Fundaci\u00f3n Eulalio G\u00f3mez y la Casa Hogar CreSer ser\u00e1n beneficiadas con recursos que les permitir\u00e1n continuar su labor<\/p>\n","protected":false},"excerpt":{"rendered":"<p>Los asistentes pueden disfrutar de exposiciones de productos, maquinaria agr\u00edcola, conferencias, actividades did\u00e1cticas para ni\u00f1os, espect\u00e1culos art\u00edsticos y musicales Con gran asistencia de productores, empresarios y familias, se lleva a cabo la inauguraci\u00f3n de la tercera edici\u00f3n del D\u00eda de la Alfalfa, evento que naci\u00f3 gracias a la iniciativa de la empresa Maquiagro, orgullosamente meoquense, con el apoyo del Gobierno Municipal encabezado por la alcaldesa Miriam Soto y de Gobierno del Estado, donde los asistentes pueden disfrutar de exposiciones de productos regionales y maquinaria agr\u00edcola, conferencias, actividades did\u00e1cticas para ni\u00f1os, espect\u00e1culos art\u00edsticos y musicales, as\u00ed como un \u00e1rea de alimentos para comodidad de los asistentes hasta las 8 de la noche en el Rancho Santa Anita. El secretario municipal, Jorge Vel\u00e1zquez, destac\u00f3 que este proyecto se ha consolidado como un evento de turismo de negocios, generando identidad regional y estrechando lazos comerciales con zonas como el noroeste de Chihuahua y la Comarca Lagunera de Coahuila y Durango. \u201cNuestra regi\u00f3n tiene m\u00e1s del 80% de su vocaci\u00f3n productiva vinculada al sector agro, por lo que este d\u00eda es un homenaje a todas las familias que dependen de esta actividad\u201d, expres\u00f3. \u201cEs un espacio para concretar negocios, convivir en familia y reconocer la importancia de la industria agr\u00edcola y ganadera de nuestra regi\u00f3n\u201d mencion\u00f3 Jorge Vel\u00e1zquez, destacando adem\u00e1s el impulso econ\u00f3mico y la proyecci\u00f3n del sector agroindustrial, agregando que el evento mantiene un sentido social, destinando cada a\u00f1o un donativo a una asociaci\u00f3n civil, haciendo \u00e9nfasis en que, en esta edici\u00f3n, la Fundaci\u00f3n Eulalio G\u00f3mez y la Casa Hogar CreSer ser\u00e1n beneficiadas con recursos que les permitir\u00e1n continuar su labor<\/p>\n","protected":false},"author":2,"featured_media":16904,"comment_status":"open","ping_status":"open","sticky":false,"template":"","format":"standard","meta":{"_monsterinsights_skip_tracking":false,"_monsterinsights_sitenote_active":false,"_monsterinsights_sitenote_note":"","_monsterinsights_sitenote_category":0,"advanced_seo_description":"","jetpack_seo_html_title":"","jetpack_seo_noindex":false,"_jetpack_memberships_contains_paid_content":false,"footnotes":"","jetpack_publicize_message":"","jetpack_publicize_feature_enabled":true,"jetpack_social_post_already_shared":true,"jetpack_social_options":{"image_generator_settings":{"template":"highway","enabled":false},"version":2}},"categories":[135,7,11],"tags":[],"class_list":["post-16903","post","type-post","status-publish","format-standard","has-post-thumbnail","hentry","category-lo-mas-leido","category-local","category-principal"],"jetpack_publicize_connections":[],"jetpack_sharing_enabled":true,"jetpack_featured_media_url":"https:\/\/i0.wp.com\/alcierrenoticias.com\/wp-content\/uploads\/2025\/08\/WhatsApp-Image-2025-08-15-at-2.44.34-PM.jpeg?fit=1280%2C654&ssl=1","amp_enabled":true,"_links":{"self":[{"href":"https:\/\/alcierrenoticias.com\/index.php\/wp-json\/wp\/v2\/posts\/16903","targetHints":{"allow":["GET"]}}],"collection":[{"href":"https:\/\/alcierrenoticias.com\/index.php\/wp-json\/wp\/v2\/posts"}],"about":[{"href":"https:\/\/alcierrenoticias.com\/index.php\/wp-json\/wp\/v2\/types\/post"}],"author":[{"embeddable":true,"href":"https:\/\/alcierrenoticias.com\/index.php\/wp-json\/wp\/v2\/users\/2"}],"replies":[{"embeddable":true,"href":"https:\/\/alcierrenoticias.com\/index.php\/wp-json\/wp\/v2\/comments?post=16903"}],"version-history":[{"count":1,"href":"https:\/\/alcierrenoticias.com\/index.php\/wp-json\/wp\/v2\/posts\/16903\/revisions"}],"predecessor-version":[{"id":16905,"href":"https:\/\/alcierrenoticias.com\/index.php\/wp-json\/wp\/v2\/posts\/16903\/revisions\/16905"}],"wp:featuredmedia":[{"embeddable":true,"href":"https:\/\/alcierrenoticias.com\/index.php\/wp-json\/wp\/v2\/media\/16904"}],"wp:attachment":[{"href":"https:\/\/alcierrenoticias.com\/index.php\/wp-json\/wp\/v2\/media?parent=16903"}],"wp:term":[{"taxonomy":"category","embeddable":true,"href":"https:\/\/alcierrenoticias.com\/index.php\/wp-json\/wp\/v2\/categories?post=16903"},{"taxonomy":"post_tag","embeddable":true,"href":"https:\/\/alcierrenoticias.com\/index.php\/wp-json\/wp\/v2\/tags?post=16903"}],"curies":[{"name":"wp","href":"https:\/\/api.w.org\/{rel}","templated":true}]}}