{"id":16899,"date":"2025-08-14T06:56:52","date_gmt":"2025-08-14T12:56:52","guid":{"rendered":"https:\/\/alcierrenoticias.com\/?p=16899"},"modified":"2025-08-15T12:02:15","modified_gmt":"2025-08-15T18:02:15","slug":"manana-llegara-la-3er-edicion-del-dia-de-la-alfalfa-a-meoqui","status":"publish","type":"post","link":"https:\/\/alcierrenoticias.com\/index.php\/2025\/08\/14\/manana-llegara-la-3er-edicion-del-dia-de-la-alfalfa-a-meoqui\/","title":{"rendered":"Ma\u00f1ana llegar\u00e1 la 3er edici\u00f3n del D\u00eda de la Alfalfa a Meoqui."},"content":{"rendered":"<p>Contar\u00e1 con ponencias, m\u00fasica y diversi\u00f3n para toda la familia a partir de las 9 de la ma\u00f1ana en la Granja Santa Anita<\/p>\n<p>En Meoqui ya est\u00e1 todo listo para que este viernes 15 de agosto, se lleve a cabo la 3er edici\u00f3n del D\u00eda de la Alfalfa, evento que se convirti\u00f3 en una tradici\u00f3n dentro del municipio, el cual contar\u00e1 con ponencias, m\u00fasica a cargo de \u201cLa Sonora de Sonoras\u201d y \u201cLos Gemelos Norte\u00f1os\u201d, comida y diversi\u00f3n para toda la familia, todo esto a partir de las 9 de la ma\u00f1ana en el Rancho Santa Anita, ubicado en la comunidad de Los Jaqu\u00e9z.<\/p>\n<p>El Secretario Municipal, Jorge Vel\u00e1zquez, inform\u00f3 que el evento contar\u00e1 con un acto protocolario de inauguraci\u00f3n al que asistir\u00e1n representantes de organismos e instituciones tanto locales como estatales. Destac\u00f3 que esta celebraci\u00f3n es posible gracias al esfuerzo conjunto del municipio de Meoqui, la Secretar\u00eda de Desarrollo Rural del Gobierno del Estado, la empresa Maquiagro y otras organizaciones que participan activamente en el impulso al sector agropecuario.<\/p>\n<p>Finalmente, Jorge Vel\u00e1zquez subray\u00f3 que este evento forma parte del turismo de negocios, al combinar actividades acad\u00e9micas, exposiciones y espacios de esparcimiento, promoviendo as\u00ed el conocimiento y la valoraci\u00f3n del campo chihuahuense, por lo que extendi\u00f3 la invitaci\u00f3n a todos los habitantes del Meoqui y el estado a sumarse a este gran evento.<\/p>\n","protected":false},"excerpt":{"rendered":"<p>Contar\u00e1 con ponencias, m\u00fasica y diversi\u00f3n para toda la familia a partir de las 9 de la ma\u00f1ana en la Granja Santa Anita En Meoqui ya est\u00e1 todo listo para que este viernes 15 de agosto, se lleve a cabo la 3er edici\u00f3n del D\u00eda de la Alfalfa, evento que se convirti\u00f3 en una tradici\u00f3n dentro del municipio, el cual contar\u00e1 con ponencias, m\u00fasica a cargo de \u201cLa Sonora de Sonoras\u201d y \u201cLos Gemelos Norte\u00f1os\u201d, comida y diversi\u00f3n para toda la familia, todo esto a partir de las 9 de la ma\u00f1ana en el Rancho Santa Anita, ubicado en la comunidad de Los Jaqu\u00e9z. El Secretario Municipal, Jorge Vel\u00e1zquez, inform\u00f3 que el evento contar\u00e1 con un acto protocolario de inauguraci\u00f3n al que asistir\u00e1n representantes de organismos e instituciones tanto locales como estatales. Destac\u00f3 que esta celebraci\u00f3n es posible gracias al esfuerzo conjunto del municipio de Meoqui, la Secretar\u00eda de Desarrollo Rural del Gobierno del Estado, la empresa Maquiagro y otras organizaciones que participan activamente en el impulso al sector agropecuario. Finalmente, Jorge Vel\u00e1zquez subray\u00f3 que este evento forma parte del turismo de negocios, al combinar actividades acad\u00e9micas, exposiciones y espacios de esparcimiento, promoviendo as\u00ed el conocimiento y la valoraci\u00f3n del campo chihuahuense, por lo que extendi\u00f3 la invitaci\u00f3n a todos los habitantes del Meoqui y el estado a sumarse a este gran evento.<\/p>\n","protected":false},"author":2,"featured_media":16900,"comment_status":"open","ping_status":"open","sticky":false,"template":"","format":"standard","meta":{"_monsterinsights_skip_tracking":false,"_monsterinsights_sitenote_active":false,"_monsterinsights_sitenote_note":"","_monsterinsights_sitenote_category":0,"advanced_seo_description":"","jetpack_seo_html_title":"","jetpack_seo_noindex":false,"_jetpack_memberships_contains_paid_content":false,"footnotes":"","jetpack_publicize_message":"","jetpack_publicize_feature_enabled":true,"jetpack_social_post_already_shared":true,"jetpack_social_options":{"image_generator_settings":{"template":"highway","enabled":false},"version":2}},"categories":[135,7,11],"tags":[],"class_list":["post-16899","post","type-post","status-publish","format-standard","has-post-thumbnail","hentry","category-lo-mas-leido","category-local","category-principal"],"jetpack_publicize_connections":[],"jetpack_sharing_enabled":true,"jetpack_featured_media_url":"https:\/\/i0.wp.com\/alcierrenoticias.com\/wp-content\/uploads\/2025\/08\/WhatsApp-Image-2025-08-14-at-5.02.06-PM-e1755280885994.jpeg?fit=400%2C547&ssl=1","amp_enabled":true,"_links":{"self":[{"href":"https:\/\/alcierrenoticias.com\/index.php\/wp-json\/wp\/v2\/posts\/16899","targetHints":{"allow":["GET"]}}],"collection":[{"href":"https:\/\/alcierrenoticias.com\/index.php\/wp-json\/wp\/v2\/posts"}],"about":[{"href":"https:\/\/alcierrenoticias.com\/index.php\/wp-json\/wp\/v2\/types\/post"}],"author":[{"embeddable":true,"href":"https:\/\/alcierrenoticias.com\/index.php\/wp-json\/wp\/v2\/users\/2"}],"replies":[{"embeddable":true,"href":"https:\/\/alcierrenoticias.com\/index.php\/wp-json\/wp\/v2\/comments?post=16899"}],"version-history":[{"count":1,"href":"https:\/\/alcierrenoticias.com\/index.php\/wp-json\/wp\/v2\/posts\/16899\/revisions"}],"predecessor-version":[{"id":16901,"href":"https:\/\/alcierrenoticias.com\/index.php\/wp-json\/wp\/v2\/posts\/16899\/revisions\/16901"}],"wp:featuredmedia":[{"embeddable":true,"href":"https:\/\/alcierrenoticias.com\/index.php\/wp-json\/wp\/v2\/media\/16900"}],"wp:attachment":[{"href":"https:\/\/alcierrenoticias.com\/index.php\/wp-json\/wp\/v2\/media?parent=16899"}],"wp:term":[{"taxonomy":"category","embeddable":true,"href":"https:\/\/alcierrenoticias.com\/index.php\/wp-json\/wp\/v2\/categories?post=16899"},{"taxonomy":"post_tag","embeddable":true,"href":"https:\/\/alcierrenoticias.com\/index.php\/wp-json\/wp\/v2\/tags?post=16899"}],"curies":[{"name":"wp","href":"https:\/\/api.w.org\/{rel}","templated":true}]}}