{"id":16895,"date":"2025-08-14T15:49:45","date_gmt":"2025-08-14T21:49:45","guid":{"rendered":"https:\/\/alcierrenoticias.com\/?p=16895"},"modified":"2025-08-15T11:56:04","modified_gmt":"2025-08-15T17:56:04","slug":"entregaran-apoyos-alimentarios-en-delicias-los-dias-20-y-21-de-agosto","status":"publish","type":"post","link":"https:\/\/alcierrenoticias.com\/index.php\/2025\/08\/14\/entregaran-apoyos-alimentarios-en-delicias-los-dias-20-y-21-de-agosto\/","title":{"rendered":"Entregar\u00e1n apoyos alimentarios en Delicias los d\u00edas 20 y 21 de agosto."},"content":{"rendered":"<p>Los d\u00edas 20 y 21 de agosto se realizar\u00e1 la segunda entrega de despensas correspondientes al programa de apoyo alimentario, beneficiando a personas con discapacidad y adultos mayores del municipio. La distribuci\u00f3n se llevar\u00e1 a cabo en el Gimnasio Municipal de 9 de la ma\u00f1ana a 3 de la tarde, inform\u00f3 Pilar Casta\u00f1eda, titular del \u00e1rea de Grupos Vulnerables en Delicias.<\/p>\n<p>Explic\u00f3 que el mi\u00e9rcoles 20 de agosto ser\u00e1 el turno para las personas con discapacidad, mientras que el jueves 21 corresponder\u00e1 a los adultos mayores. En caso de que el beneficiario no pueda acudir personalmente, deber\u00e1 enviar una carta poder simple firmada por \u00e9l y por su tutor, junto con una copia de la credencial de elector de ambos. Si asiste el beneficiario, \u00fanicamente se requerir\u00e1 la copia de la identificaci\u00f3n oficial.<\/p>\n<p>Aclar\u00f3 que si en un mismo hogar, o bien viven cerca, una persona con discapacidad y un adulto mayor, podr\u00e1n acudir juntos el 21 de agosto para recibir ambos apoyos. Sin embargo, si asisten el d\u00eda 20, solo se entregar\u00e1 la despensa correspondiente a la persona con discapacidad, con el objetivo de agilizar el proceso y evitar confusiones.<\/p>\n<p>La titular de Grupos Vulnerables record\u00f3 que el presidente municipal, Jes\u00fas Valenciano, ha dispuesto personal para apoyar a los beneficiarios en el traslado de las despensas hasta sus veh\u00edculos, ya que cada entrega incluye dos paquetes que pueden resultar pesados. Por ello, pidi\u00f3 a los asistentes acudir preparados para transportar sus apoyos de forma segura.<\/p>\n<p>Esta segunda entrega forma parte de un total de cuatro programadas en el a\u00f1o, con casi 2,000 despensas por etapa, gracias al respaldo de la gobernadora Maru Campos. \u201cSon 1,980 apoyos que benefician directamente a las familias de Delicias, fortaleciendo la alimentaci\u00f3n y calidad de vida de quienes m\u00e1s lo necesitan\u201d, concluy\u00f3 Casta\u00f1eda.<\/p>\n","protected":false},"excerpt":{"rendered":"<p>Los d\u00edas 20 y 21 de agosto se realizar\u00e1 la segunda entrega de despensas correspondientes al programa de apoyo alimentario, beneficiando a personas con discapacidad y adultos mayores del municipio. La distribuci\u00f3n se llevar\u00e1 a cabo en el Gimnasio Municipal de 9 de la ma\u00f1ana a 3 de la tarde, inform\u00f3 Pilar Casta\u00f1eda, titular del \u00e1rea de Grupos Vulnerables en Delicias. Explic\u00f3 que el mi\u00e9rcoles 20 de agosto ser\u00e1 el turno para las personas con discapacidad, mientras que el jueves 21 corresponder\u00e1 a los adultos mayores. En caso de que el beneficiario no pueda acudir personalmente, deber\u00e1 enviar una carta poder simple firmada por \u00e9l y por su tutor, junto con una copia de la credencial de elector de ambos. Si asiste el beneficiario, \u00fanicamente se requerir\u00e1 la copia de la identificaci\u00f3n oficial. Aclar\u00f3 que si en un mismo hogar, o bien viven cerca, una persona con discapacidad y un adulto mayor, podr\u00e1n acudir juntos el 21 de agosto para recibir ambos apoyos. Sin embargo, si asisten el d\u00eda 20, solo se entregar\u00e1 la despensa correspondiente a la persona con discapacidad, con el objetivo de agilizar el proceso y evitar confusiones. La titular de Grupos Vulnerables record\u00f3 que el presidente municipal, Jes\u00fas Valenciano, ha dispuesto personal para apoyar a los beneficiarios en el traslado de las despensas hasta sus veh\u00edculos, ya que cada entrega incluye dos paquetes que pueden resultar pesados. Por ello, pidi\u00f3 a los asistentes acudir preparados para transportar sus apoyos de forma segura. Esta segunda entrega forma parte de un total de cuatro programadas en el a\u00f1o, con casi 2,000 despensas por etapa, gracias al respaldo de la gobernadora Maru Campos. \u201cSon 1,980 apoyos que benefician directamente a las familias de Delicias, fortaleciendo la alimentaci\u00f3n y calidad de vida de quienes m\u00e1s lo necesitan\u201d, concluy\u00f3 Casta\u00f1eda.<\/p>\n","protected":false},"author":2,"featured_media":16896,"comment_status":"open","ping_status":"open","sticky":false,"template":"","format":"standard","meta":{"_monsterinsights_skip_tracking":false,"_monsterinsights_sitenote_active":false,"_monsterinsights_sitenote_note":"","_monsterinsights_sitenote_category":0,"advanced_seo_description":"","jetpack_seo_html_title":"","jetpack_seo_noindex":false,"_jetpack_memberships_contains_paid_content":false,"footnotes":"","jetpack_publicize_message":"","jetpack_publicize_feature_enabled":true,"jetpack_social_post_already_shared":true,"jetpack_social_options":{"image_generator_settings":{"template":"highway","enabled":false},"version":2}},"categories":[135,7,11],"tags":[],"class_list":["post-16895","post","type-post","status-publish","format-standard","has-post-thumbnail","hentry","category-lo-mas-leido","category-local","category-principal"],"jetpack_publicize_connections":[],"jetpack_sharing_enabled":true,"jetpack_featured_media_url":"https:\/\/i0.wp.com\/alcierrenoticias.com\/wp-content\/uploads\/2025\/08\/WhatsApp-Image-2025-08-14-at-3.27.57-PM-scaled.jpeg?fit=2560%2C1707&ssl=1","amp_enabled":true,"_links":{"self":[{"href":"https:\/\/alcierrenoticias.com\/index.php\/wp-json\/wp\/v2\/posts\/16895","targetHints":{"allow":["GET"]}}],"collection":[{"href":"https:\/\/alcierrenoticias.com\/index.php\/wp-json\/wp\/v2\/posts"}],"about":[{"href":"https:\/\/alcierrenoticias.com\/index.php\/wp-json\/wp\/v2\/types\/post"}],"author":[{"embeddable":true,"href":"https:\/\/alcierrenoticias.com\/index.php\/wp-json\/wp\/v2\/users\/2"}],"replies":[{"embeddable":true,"href":"https:\/\/alcierrenoticias.com\/index.php\/wp-json\/wp\/v2\/comments?post=16895"}],"version-history":[{"count":2,"href":"https:\/\/alcierrenoticias.com\/index.php\/wp-json\/wp\/v2\/posts\/16895\/revisions"}],"predecessor-version":[{"id":16898,"href":"https:\/\/alcierrenoticias.com\/index.php\/wp-json\/wp\/v2\/posts\/16895\/revisions\/16898"}],"wp:featuredmedia":[{"embeddable":true,"href":"https:\/\/alcierrenoticias.com\/index.php\/wp-json\/wp\/v2\/media\/16896"}],"wp:attachment":[{"href":"https:\/\/alcierrenoticias.com\/index.php\/wp-json\/wp\/v2\/media?parent=16895"}],"wp:term":[{"taxonomy":"category","embeddable":true,"href":"https:\/\/alcierrenoticias.com\/index.php\/wp-json\/wp\/v2\/categories?post=16895"},{"taxonomy":"post_tag","embeddable":true,"href":"https:\/\/alcierrenoticias.com\/index.php\/wp-json\/wp\/v2\/tags?post=16895"}],"curies":[{"name":"wp","href":"https:\/\/api.w.org\/{rel}","templated":true}]}}