{"id":16864,"date":"2025-08-13T14:07:48","date_gmt":"2025-08-13T20:07:48","guid":{"rendered":"https:\/\/alcierrenoticias.com\/?p=16864"},"modified":"2025-08-14T13:10:37","modified_gmt":"2025-08-14T19:10:37","slug":"gobierno-municipal-de-camargo-invita-a-la-cabalgata-santa-rosalia-la-segunda-mas-grande-del-estado-el-domingo-31-de-agosto","status":"publish","type":"post","link":"https:\/\/alcierrenoticias.com\/index.php\/2025\/08\/13\/gobierno-municipal-de-camargo-invita-a-la-cabalgata-santa-rosalia-la-segunda-mas-grande-del-estado-el-domingo-31-de-agosto\/","title":{"rendered":"Gobierno Municipal de Camargo invita a la cabalgata Santa Rosal\u00eda, la segunda m\u00e1s grande del Estado, el domingo 31 de agosto."},"content":{"rendered":"<p>El Gobierno Municipal de Camargo, en coordinaci\u00f3n con el Gobierno Municipal de San Francisco de Conchos, invitan cordialmente a todas y todos a participar en la tradicional Cabalgata Santa Rosal\u00eda 2025, que se llevar\u00e1 a cabo el pr\u00f3ximo domingo 31 de agosto a partir de las 8:00 de la ma\u00f1ana.<\/p>\n<p>La ruta dar\u00e1 inicio en el Auditorio de San Francisco de Conchos y culminar\u00e1 en la Deportiva Luis Jaramillo en la ciudad de Camargo, donde se recibir\u00e1 a los jinetes con un ambiente de fiesta y convivencia.<\/p>\n<p>Esta actividad, que forma parte de las celebraciones en honor a Santa Rosal\u00eda, busca fortalecer los lazos de hermandad entre ambos municipios y mantener vivas nuestras tradiciones.<\/p>\n<p>Los Gobiernos Municipales de Camargo y San Francisco de Conchos reiteran su invitaci\u00f3n a todos los amantes de la cabalgata, familias y visitantes para que se unan a este evento que celebra nuestra historia, cultura y ra\u00edces.<\/p>\n<p>\u00a1Les esperamos para cabalgar juntos en honor a Santa Rosal\u00eda!<\/p>\n","protected":false},"excerpt":{"rendered":"<p>El Gobierno Municipal de Camargo, en coordinaci\u00f3n con el Gobierno Municipal de San Francisco de Conchos, invitan cordialmente a todas y todos a participar en la tradicional Cabalgata Santa Rosal\u00eda 2025, que se llevar\u00e1 a cabo el pr\u00f3ximo domingo 31 de agosto a partir de las 8:00 de la ma\u00f1ana. La ruta dar\u00e1 inicio en el Auditorio de San Francisco de Conchos y culminar\u00e1 en la Deportiva Luis Jaramillo en la ciudad de Camargo, donde se recibir\u00e1 a los jinetes con un ambiente de fiesta y convivencia. Esta actividad, que forma parte de las celebraciones en honor a Santa Rosal\u00eda, busca fortalecer los lazos de hermandad entre ambos municipios y mantener vivas nuestras tradiciones. Los Gobiernos Municipales de Camargo y San Francisco de Conchos reiteran su invitaci\u00f3n a todos los amantes de la cabalgata, familias y visitantes para que se unan a este evento que celebra nuestra historia, cultura y ra\u00edces. \u00a1Les esperamos para cabalgar juntos en honor a Santa Rosal\u00eda!<\/p>\n","protected":false},"author":2,"featured_media":16865,"comment_status":"open","ping_status":"open","sticky":false,"template":"","format":"standard","meta":{"_monsterinsights_skip_tracking":false,"_monsterinsights_sitenote_active":false,"_monsterinsights_sitenote_note":"","_monsterinsights_sitenote_category":0,"advanced_seo_description":"","jetpack_seo_html_title":"","jetpack_seo_noindex":false,"_jetpack_memberships_contains_paid_content":false,"footnotes":"","jetpack_publicize_message":"","jetpack_publicize_feature_enabled":true,"jetpack_social_post_already_shared":true,"jetpack_social_options":{"image_generator_settings":{"template":"highway","enabled":false},"version":2}},"categories":[8,135,11],"tags":[],"class_list":["post-16864","post","type-post","status-publish","format-standard","has-post-thumbnail","hentry","category-estado","category-lo-mas-leido","category-principal"],"jetpack_publicize_connections":[],"jetpack_sharing_enabled":true,"jetpack_featured_media_url":"https:\/\/i0.wp.com\/alcierrenoticias.com\/wp-content\/uploads\/2025\/08\/WhatsApp-Image-2025-08-13-at-1.40.23-PM-1-e1755198605569.jpeg?fit=500%2C518&ssl=1","amp_enabled":true,"_links":{"self":[{"href":"https:\/\/alcierrenoticias.com\/index.php\/wp-json\/wp\/v2\/posts\/16864","targetHints":{"allow":["GET"]}}],"collection":[{"href":"https:\/\/alcierrenoticias.com\/index.php\/wp-json\/wp\/v2\/posts"}],"about":[{"href":"https:\/\/alcierrenoticias.com\/index.php\/wp-json\/wp\/v2\/types\/post"}],"author":[{"embeddable":true,"href":"https:\/\/alcierrenoticias.com\/index.php\/wp-json\/wp\/v2\/users\/2"}],"replies":[{"embeddable":true,"href":"https:\/\/alcierrenoticias.com\/index.php\/wp-json\/wp\/v2\/comments?post=16864"}],"version-history":[{"count":2,"href":"https:\/\/alcierrenoticias.com\/index.php\/wp-json\/wp\/v2\/posts\/16864\/revisions"}],"predecessor-version":[{"id":16867,"href":"https:\/\/alcierrenoticias.com\/index.php\/wp-json\/wp\/v2\/posts\/16864\/revisions\/16867"}],"wp:featuredmedia":[{"embeddable":true,"href":"https:\/\/alcierrenoticias.com\/index.php\/wp-json\/wp\/v2\/media\/16865"}],"wp:attachment":[{"href":"https:\/\/alcierrenoticias.com\/index.php\/wp-json\/wp\/v2\/media?parent=16864"}],"wp:term":[{"taxonomy":"category","embeddable":true,"href":"https:\/\/alcierrenoticias.com\/index.php\/wp-json\/wp\/v2\/categories?post=16864"},{"taxonomy":"post_tag","embeddable":true,"href":"https:\/\/alcierrenoticias.com\/index.php\/wp-json\/wp\/v2\/tags?post=16864"}],"curies":[{"name":"wp","href":"https:\/\/api.w.org\/{rel}","templated":true}]}}