{"id":16836,"date":"2025-08-12T16:12:36","date_gmt":"2025-08-12T22:12:36","guid":{"rendered":"https:\/\/alcierrenoticias.com\/?p=16836"},"modified":"2025-08-13T00:16:40","modified_gmt":"2025-08-13T06:16:40","slug":"premiaran-en-meoqui-a-los-abuelos-con-mas-anos-de-casados-mas-longevos-y-con-mas-descendencia","status":"publish","type":"post","link":"https:\/\/alcierrenoticias.com\/index.php\/2025\/08\/12\/premiaran-en-meoqui-a-los-abuelos-con-mas-anos-de-casados-mas-longevos-y-con-mas-descendencia\/","title":{"rendered":"Premiaran en Meoqui a los abuelos con m\u00e1s a\u00f1os de casados, m\u00e1s longevos y con m\u00e1s descendencia."},"content":{"rendered":"<p>En el marco del D\u00eda del Abuelo y la Abuela, el DIF Meoqui abri\u00f3 la convocatoria con premios en efectivo y reconocimientos<\/p>\n<p>En Meoqui se encuentra abierta la convocatoria para dar reconocimiento a las y los abuelitos m\u00e1s longevos, con m\u00e1s descendencia y con m\u00e1s a\u00f1os de casados, donde los ganadores, recibir\u00edan premios en efectivo y reconocimientos, esto como parte de los festejos por el D\u00eda del Abuelo y la Abuela, pr\u00f3ximos a realizarse este 27 de agosto.<\/p>\n<p>\u201cQueremos que la comunidad conozca y celebre a estos abuelitos que han dedicado tantos a\u00f1os de amor y servicio a sus familias\u201d, expres\u00f3 Luis Valles, director del DIF Municipal, quien record\u00f3 que el municipio cuenta con 9 grupos de la tercera edad que reciben atenci\u00f3n integral, siguiendo las indicaciones de la alcaldesa Miriam Soto de crear espacios de convivencia para los adultos mayores del municipio.<\/p>\n<p>Asimismo, mencion\u00f3 que la convocatoria est\u00e1 abierta para que la ciudadan\u00eda postule a sus familiares en las oficinas del DIF Municipal, presentando comprobantes simples y, de ser posible, fotograf\u00edas o escritos que respalden la nominaci\u00f3n, a\u00f1adiendo que adem\u00e1s del reconocimiento, el festejo incluir\u00e1 una conferencia y el tradicional baile del D\u00eda del Abuelo y la Abuela, actividades que ser\u00e1n anunciadas pr\u00f3ximamente, por lo que extendi\u00f3 la invitaci\u00f3n a sumarse a estas actividades.<\/p>\n","protected":false},"excerpt":{"rendered":"<p>En el marco del D\u00eda del Abuelo y la Abuela, el DIF Meoqui abri\u00f3 la convocatoria con premios en efectivo y reconocimientos En Meoqui se encuentra abierta la convocatoria para dar reconocimiento a las y los abuelitos m\u00e1s longevos, con m\u00e1s descendencia y con m\u00e1s a\u00f1os de casados, donde los ganadores, recibir\u00edan premios en efectivo y reconocimientos, esto como parte de los festejos por el D\u00eda del Abuelo y la Abuela, pr\u00f3ximos a realizarse este 27 de agosto. \u201cQueremos que la comunidad conozca y celebre a estos abuelitos que han dedicado tantos a\u00f1os de amor y servicio a sus familias\u201d, expres\u00f3 Luis Valles, director del DIF Municipal, quien record\u00f3 que el municipio cuenta con 9 grupos de la tercera edad que reciben atenci\u00f3n integral, siguiendo las indicaciones de la alcaldesa Miriam Soto de crear espacios de convivencia para los adultos mayores del municipio. Asimismo, mencion\u00f3 que la convocatoria est\u00e1 abierta para que la ciudadan\u00eda postule a sus familiares en las oficinas del DIF Municipal, presentando comprobantes simples y, de ser posible, fotograf\u00edas o escritos que respalden la nominaci\u00f3n, a\u00f1adiendo que adem\u00e1s del reconocimiento, el festejo incluir\u00e1 una conferencia y el tradicional baile del D\u00eda del Abuelo y la Abuela, actividades que ser\u00e1n anunciadas pr\u00f3ximamente, por lo que extendi\u00f3 la invitaci\u00f3n a sumarse a estas actividades.<\/p>\n","protected":false},"author":2,"featured_media":16837,"comment_status":"open","ping_status":"open","sticky":false,"template":"","format":"standard","meta":{"_monsterinsights_skip_tracking":false,"_monsterinsights_sitenote_active":false,"_monsterinsights_sitenote_note":"","_monsterinsights_sitenote_category":0,"advanced_seo_description":"","jetpack_seo_html_title":"","jetpack_seo_noindex":false,"_jetpack_memberships_contains_paid_content":false,"footnotes":"","jetpack_publicize_message":"","jetpack_publicize_feature_enabled":true,"jetpack_social_post_already_shared":true,"jetpack_social_options":{"image_generator_settings":{"template":"highway","enabled":false},"version":2}},"categories":[135,7,11],"tags":[],"class_list":["post-16836","post","type-post","status-publish","format-standard","has-post-thumbnail","hentry","category-lo-mas-leido","category-local","category-principal"],"jetpack_publicize_connections":[],"jetpack_sharing_enabled":true,"jetpack_featured_media_url":"https:\/\/i0.wp.com\/alcierrenoticias.com\/wp-content\/uploads\/2025\/08\/WhatsApp-Image-2025-08-12-at-4.08.23-PM-e1755065760936.jpeg?fit=400%2C458&ssl=1","amp_enabled":true,"_links":{"self":[{"href":"https:\/\/alcierrenoticias.com\/index.php\/wp-json\/wp\/v2\/posts\/16836","targetHints":{"allow":["GET"]}}],"collection":[{"href":"https:\/\/alcierrenoticias.com\/index.php\/wp-json\/wp\/v2\/posts"}],"about":[{"href":"https:\/\/alcierrenoticias.com\/index.php\/wp-json\/wp\/v2\/types\/post"}],"author":[{"embeddable":true,"href":"https:\/\/alcierrenoticias.com\/index.php\/wp-json\/wp\/v2\/users\/2"}],"replies":[{"embeddable":true,"href":"https:\/\/alcierrenoticias.com\/index.php\/wp-json\/wp\/v2\/comments?post=16836"}],"version-history":[{"count":1,"href":"https:\/\/alcierrenoticias.com\/index.php\/wp-json\/wp\/v2\/posts\/16836\/revisions"}],"predecessor-version":[{"id":16838,"href":"https:\/\/alcierrenoticias.com\/index.php\/wp-json\/wp\/v2\/posts\/16836\/revisions\/16838"}],"wp:featuredmedia":[{"embeddable":true,"href":"https:\/\/alcierrenoticias.com\/index.php\/wp-json\/wp\/v2\/media\/16837"}],"wp:attachment":[{"href":"https:\/\/alcierrenoticias.com\/index.php\/wp-json\/wp\/v2\/media?parent=16836"}],"wp:term":[{"taxonomy":"category","embeddable":true,"href":"https:\/\/alcierrenoticias.com\/index.php\/wp-json\/wp\/v2\/categories?post=16836"},{"taxonomy":"post_tag","embeddable":true,"href":"https:\/\/alcierrenoticias.com\/index.php\/wp-json\/wp\/v2\/tags?post=16836"}],"curies":[{"name":"wp","href":"https:\/\/api.w.org\/{rel}","templated":true}]}}