{"id":16812,"date":"2025-08-11T18:44:11","date_gmt":"2025-08-12T00:44:11","guid":{"rendered":"https:\/\/alcierrenoticias.com\/?p=16812"},"modified":"2025-08-11T20:46:22","modified_gmt":"2025-08-12T02:46:22","slug":"presidente-jorge-aldana-impulsa-campana-intensiva-de-vacunacion-contra-el-sarampion","status":"publish","type":"post","link":"https:\/\/alcierrenoticias.com\/index.php\/2025\/08\/11\/presidente-jorge-aldana-impulsa-campana-intensiva-de-vacunacion-contra-el-sarampion\/","title":{"rendered":"Presidente Jorge Aldana impulsa campa\u00f1a intensiva de vacunaci\u00f3n contra el sarampi\u00f3n."},"content":{"rendered":"<p>En coordinaci\u00f3n con la Secretar\u00eda de Salud del Estado, el gobierno municipal de camargo ha iniciado una fase intensiva de vacunaci\u00f3n contra el sarampi\u00f3n bajo la campa\u00f1a \u201cProtege tu vida, vac\u00fanate contra el sarampi\u00f3n\u201d.<\/p>\n<p>El presidente municipal, Jorge Aldana, invita a todas y todos a acudir a los centros de salud para recibir esta vacuna gratuita y segura, que es fundamental para detener la propagaci\u00f3n del virus y proteger la salud de la poblaci\u00f3n.<\/p>\n<p>\u201cVacunarse es la mejor forma de cuidarnos y proteger a nuestras familias\u201d, expres\u00f3 el presidente Aldana, quien refrenda el compromiso de la administraci\u00f3n municipal para garantizar el bienestar de todas y todos.<\/p>\n<p>Se hace un llamado a la comunidad para aprovechar esta campa\u00f1a y mantenerse protegidos ante este riesgo de salud p\u00fablica.<\/p>\n<p>Para mayor informaci\u00f3n, acuda a su centro de salud m\u00e1s cercano o consulte con las autoridades locales.<\/p>\n","protected":false},"excerpt":{"rendered":"<p>En coordinaci\u00f3n con la Secretar\u00eda de Salud del Estado, el gobierno municipal de camargo ha iniciado una fase intensiva de vacunaci\u00f3n contra el sarampi\u00f3n bajo la campa\u00f1a \u201cProtege tu vida, vac\u00fanate contra el sarampi\u00f3n\u201d. El presidente municipal, Jorge Aldana, invita a todas y todos a acudir a los centros de salud para recibir esta vacuna gratuita y segura, que es fundamental para detener la propagaci\u00f3n del virus y proteger la salud de la poblaci\u00f3n. \u201cVacunarse es la mejor forma de cuidarnos y proteger a nuestras familias\u201d, expres\u00f3 el presidente Aldana, quien refrenda el compromiso de la administraci\u00f3n municipal para garantizar el bienestar de todas y todos. Se hace un llamado a la comunidad para aprovechar esta campa\u00f1a y mantenerse protegidos ante este riesgo de salud p\u00fablica. Para mayor informaci\u00f3n, acuda a su centro de salud m\u00e1s cercano o consulte con las autoridades locales.<\/p>\n","protected":false},"author":2,"featured_media":16813,"comment_status":"open","ping_status":"open","sticky":false,"template":"","format":"standard","meta":{"_monsterinsights_skip_tracking":false,"_monsterinsights_sitenote_active":false,"_monsterinsights_sitenote_note":"","_monsterinsights_sitenote_category":0,"advanced_seo_description":"","jetpack_seo_html_title":"","jetpack_seo_noindex":false,"_jetpack_memberships_contains_paid_content":false,"footnotes":"","jetpack_publicize_message":"","jetpack_publicize_feature_enabled":true,"jetpack_social_post_already_shared":true,"jetpack_social_options":{"image_generator_settings":{"template":"highway","enabled":false},"version":2}},"categories":[8,135,11],"tags":[],"class_list":["post-16812","post","type-post","status-publish","format-standard","has-post-thumbnail","hentry","category-estado","category-lo-mas-leido","category-principal"],"jetpack_publicize_connections":[],"jetpack_sharing_enabled":true,"jetpack_featured_media_url":"https:\/\/i0.wp.com\/alcierrenoticias.com\/wp-content\/uploads\/2025\/08\/WhatsApp-Image-2025-08-11-at-6.31.30-PM-e1754966772249.jpeg?fit=700%2C366&ssl=1","amp_enabled":true,"_links":{"self":[{"href":"https:\/\/alcierrenoticias.com\/index.php\/wp-json\/wp\/v2\/posts\/16812","targetHints":{"allow":["GET"]}}],"collection":[{"href":"https:\/\/alcierrenoticias.com\/index.php\/wp-json\/wp\/v2\/posts"}],"about":[{"href":"https:\/\/alcierrenoticias.com\/index.php\/wp-json\/wp\/v2\/types\/post"}],"author":[{"embeddable":true,"href":"https:\/\/alcierrenoticias.com\/index.php\/wp-json\/wp\/v2\/users\/2"}],"replies":[{"embeddable":true,"href":"https:\/\/alcierrenoticias.com\/index.php\/wp-json\/wp\/v2\/comments?post=16812"}],"version-history":[{"count":1,"href":"https:\/\/alcierrenoticias.com\/index.php\/wp-json\/wp\/v2\/posts\/16812\/revisions"}],"predecessor-version":[{"id":16814,"href":"https:\/\/alcierrenoticias.com\/index.php\/wp-json\/wp\/v2\/posts\/16812\/revisions\/16814"}],"wp:featuredmedia":[{"embeddable":true,"href":"https:\/\/alcierrenoticias.com\/index.php\/wp-json\/wp\/v2\/media\/16813"}],"wp:attachment":[{"href":"https:\/\/alcierrenoticias.com\/index.php\/wp-json\/wp\/v2\/media?parent=16812"}],"wp:term":[{"taxonomy":"category","embeddable":true,"href":"https:\/\/alcierrenoticias.com\/index.php\/wp-json\/wp\/v2\/categories?post=16812"},{"taxonomy":"post_tag","embeddable":true,"href":"https:\/\/alcierrenoticias.com\/index.php\/wp-json\/wp\/v2\/tags?post=16812"}],"curies":[{"name":"wp","href":"https:\/\/api.w.org\/{rel}","templated":true}]}}