{"id":16793,"date":"2025-08-11T13:07:23","date_gmt":"2025-08-11T19:07:23","guid":{"rendered":"https:\/\/alcierrenoticias.com\/?p=16793"},"modified":"2025-08-11T13:07:23","modified_gmt":"2025-08-11T19:07:23","slug":"gobierno-municipal-de-camargo-se-suma-a-la-campana-protege-tu-vida-vacunate-contra-el-sarampion-todos-los-colaboradores-fueron-vacunados","status":"publish","type":"post","link":"https:\/\/alcierrenoticias.com\/index.php\/2025\/08\/11\/gobierno-municipal-de-camargo-se-suma-a-la-campana-protege-tu-vida-vacunate-contra-el-sarampion-todos-los-colaboradores-fueron-vacunados\/","title":{"rendered":"Gobierno Municipal de Camargo se suma a la campa\u00f1a \u201cProtege tu vida, vac\u00fanate contra el sarampi\u00f3n\u201d; todos los colaboradores fueron vacunados"},"content":{"rendered":"<p>El Gobierno Municipal de Camargo se uni\u00f3 a la campa\u00f1a \u201cProtege tu vida, vac\u00fanate contra el sarampi\u00f3n\u201d impulsada por la Secretar\u00eda de Salud del Estado, con el objetivo de reforzar las acciones preventivas en beneficio de la poblaci\u00f3n.<br \/>\nEl viernes pasado, la totalidad del personal que labora en la Presidencia Municipal recibi\u00f3 la dosis correspondiente contra el sarampi\u00f3n, reafirmando el compromiso institucional con la salud p\u00fablica y la prevenci\u00f3n de enfermedades.<\/p>\n<p>El Presidente Municipal, Jorge Aldana, destac\u00f3 la importancia de participar en este tipo de iniciativas:<\/p>\n<p>\u201cLa prevenci\u00f3n siempre ser\u00e1 nuestra mejor herramienta. El viernes nos toc\u00f3 a nosotros vacunarnos, ahora es momento de que la ciudadan\u00eda acuda a los m\u00f3dulos para proteger su salud y la de sus familias\u201d.<br \/>\nLa campa\u00f1a est\u00e1 dirigida a todas las personas que a\u00fan no cuentan con el esquema de vacunaci\u00f3n contra el sarampi\u00f3n, por lo que se invita a la poblaci\u00f3n a acudir a los centros de salud y m\u00f3dulos habilitados en el municipio.<br \/>\nCon acciones como \u00e9sta, el Gobierno Municipal reafirma su compromiso de colaborar de manera coordinada con las autoridades estatales para garantizar el bienestar y la salud de la poblaci\u00f3n.<\/p>\n","protected":false},"excerpt":{"rendered":"<p>El Gobierno Municipal de Camargo se uni\u00f3 a la campa\u00f1a \u201cProtege tu vida, vac\u00fanate contra el sarampi\u00f3n\u201d impulsada por la Secretar\u00eda de Salud del Estado, con el objetivo de reforzar las acciones preventivas en beneficio de la poblaci\u00f3n. El viernes pasado, la totalidad del personal que labora en la Presidencia Municipal recibi\u00f3 la dosis correspondiente contra el sarampi\u00f3n, reafirmando el compromiso institucional con la salud p\u00fablica y la prevenci\u00f3n de enfermedades. El Presidente Municipal, Jorge Aldana, destac\u00f3 la importancia de participar en este tipo de iniciativas: \u201cLa prevenci\u00f3n siempre ser\u00e1 nuestra mejor herramienta. El viernes nos toc\u00f3 a nosotros vacunarnos, ahora es momento de que la ciudadan\u00eda acuda a los m\u00f3dulos para proteger su salud y la de sus familias\u201d. La campa\u00f1a est\u00e1 dirigida a todas las personas que a\u00fan no cuentan con el esquema de vacunaci\u00f3n contra el sarampi\u00f3n, por lo que se invita a la poblaci\u00f3n a acudir a los centros de salud y m\u00f3dulos habilitados en el municipio. Con acciones como \u00e9sta, el Gobierno Municipal reafirma su compromiso de colaborar de manera coordinada con las autoridades estatales para garantizar el bienestar y la salud de la poblaci\u00f3n.<\/p>\n","protected":false},"author":2,"featured_media":16794,"comment_status":"open","ping_status":"open","sticky":false,"template":"","format":"standard","meta":{"_monsterinsights_skip_tracking":false,"_monsterinsights_sitenote_active":false,"_monsterinsights_sitenote_note":"","_monsterinsights_sitenote_category":0,"advanced_seo_description":"","jetpack_seo_html_title":"","jetpack_seo_noindex":false,"_jetpack_memberships_contains_paid_content":false,"footnotes":"","jetpack_publicize_message":"","jetpack_publicize_feature_enabled":true,"jetpack_social_post_already_shared":true,"jetpack_social_options":{"image_generator_settings":{"template":"highway","enabled":false},"version":2}},"categories":[8,135,11],"tags":[],"class_list":["post-16793","post","type-post","status-publish","format-standard","has-post-thumbnail","hentry","category-estado","category-lo-mas-leido","category-principal"],"jetpack_publicize_connections":[],"jetpack_sharing_enabled":true,"jetpack_featured_media_url":"https:\/\/i0.wp.com\/alcierrenoticias.com\/wp-content\/uploads\/2025\/08\/WhatsApp-Image-2025-08-11-at-12.43.44-PM.jpeg?fit=1440%2C1080&ssl=1","amp_enabled":true,"_links":{"self":[{"href":"https:\/\/alcierrenoticias.com\/index.php\/wp-json\/wp\/v2\/posts\/16793","targetHints":{"allow":["GET"]}}],"collection":[{"href":"https:\/\/alcierrenoticias.com\/index.php\/wp-json\/wp\/v2\/posts"}],"about":[{"href":"https:\/\/alcierrenoticias.com\/index.php\/wp-json\/wp\/v2\/types\/post"}],"author":[{"embeddable":true,"href":"https:\/\/alcierrenoticias.com\/index.php\/wp-json\/wp\/v2\/users\/2"}],"replies":[{"embeddable":true,"href":"https:\/\/alcierrenoticias.com\/index.php\/wp-json\/wp\/v2\/comments?post=16793"}],"version-history":[{"count":1,"href":"https:\/\/alcierrenoticias.com\/index.php\/wp-json\/wp\/v2\/posts\/16793\/revisions"}],"predecessor-version":[{"id":16795,"href":"https:\/\/alcierrenoticias.com\/index.php\/wp-json\/wp\/v2\/posts\/16793\/revisions\/16795"}],"wp:featuredmedia":[{"embeddable":true,"href":"https:\/\/alcierrenoticias.com\/index.php\/wp-json\/wp\/v2\/media\/16794"}],"wp:attachment":[{"href":"https:\/\/alcierrenoticias.com\/index.php\/wp-json\/wp\/v2\/media?parent=16793"}],"wp:term":[{"taxonomy":"category","embeddable":true,"href":"https:\/\/alcierrenoticias.com\/index.php\/wp-json\/wp\/v2\/categories?post=16793"},{"taxonomy":"post_tag","embeddable":true,"href":"https:\/\/alcierrenoticias.com\/index.php\/wp-json\/wp\/v2\/tags?post=16793"}],"curies":[{"name":"wp","href":"https:\/\/api.w.org\/{rel}","templated":true}]}}