{"id":16790,"date":"2025-08-11T12:51:03","date_gmt":"2025-08-11T18:51:03","guid":{"rendered":"https:\/\/alcierrenoticias.com\/?p=16790"},"modified":"2025-08-11T12:51:03","modified_gmt":"2025-08-11T18:51:03","slug":"anuncian-miriam-soto-y-jmas-construccion-de-carcamo-en-col-magisterial-de-meoqui","status":"publish","type":"post","link":"https:\/\/alcierrenoticias.com\/index.php\/2025\/08\/11\/anuncian-miriam-soto-y-jmas-construccion-de-carcamo-en-col-magisterial-de-meoqui\/","title":{"rendered":"Anuncian Miriam Soto y JMAS construcci\u00f3n de c\u00e1rcamo en Col. Magisterial de Meoqui."},"content":{"rendered":"<p>Los vecinos solicitaron la reuni\u00f3n, as\u00ed como un \u00e1rea verde para la localidad mediante el programa &#8220;Mi\u00e9rcoles con tu Alcaldesa&#8221;<\/p>\n<p>La alcaldesa de Meoqui Miriam Soto visit\u00f3 la colonia Magisterial atendiendo la petici\u00f3n de los vecinos, donde junto se llev\u00f3 a cabo la presentaci\u00f3n de los trabajos del c\u00e1rcamo en dicha zona, as\u00ed como el compromiso para el rescate de un espacio p\u00fablico, esto en colaboraci\u00f3n con la Junta Municipal de Agua y Saneamiento.<\/p>\n<p>\u201cMuy contenta por la participaci\u00f3n de los vecinos, se logr\u00f3 llegar a acuerdos importantes\u201d, expres\u00f3 la alcaldesa, quien adem\u00e1s destac\u00f3 el entusiasmo y compromiso de los colonos al involucrarse en las decisiones de su entorno. \u201cYa hasta casi le tenemos nombre a la nueva plaza, gracias a la participaci\u00f3n de cada uno de ellos\u201d, agreg\u00f3.<\/p>\n<p>Durante la visita, se anunci\u00f3 tambi\u00e9n que el Municipio trabajar\u00e1 en el mejoramiento de un terreno que los habitantes desean convertir en \u00e1rea verde, lo que permitir\u00e1 avanzar en la generaci\u00f3n de espacios p\u00fablicos que fortalezcan la convivencia y el sentido de comunidad.<\/p>\n<p>Adem\u00e1s, Miriam Soto record\u00f3 que esta acci\u00f3n surgi\u00f3 a ra\u00edz de una audiencia p\u00fablica del programa Mi\u00e9rcoles con tu Alcaldesa, en la que los vecinos solicitaron mayor informaci\u00f3n sobre los trabajos en su colonia, por lo cual se decidi\u00f3 llevar el programa directamente al lugar de los hechos.<\/p>\n<p>Finalmente, reiter\u00f3 que su Administraci\u00f3n continuar\u00e1 impulsando la participaci\u00f3n ciudadana como eje para el desarrollo de Meoqui, reconociendo que el inter\u00e9s y la organizaci\u00f3n vecinal son clave para construir comunidad y lograr cambios reales.<\/p>\n","protected":false},"excerpt":{"rendered":"<p>Los vecinos solicitaron la reuni\u00f3n, as\u00ed como un \u00e1rea verde para la localidad mediante el programa &#8220;Mi\u00e9rcoles con tu Alcaldesa&#8221; La alcaldesa de Meoqui Miriam Soto visit\u00f3 la colonia Magisterial atendiendo la petici\u00f3n de los vecinos, donde junto se llev\u00f3 a cabo la presentaci\u00f3n de los trabajos del c\u00e1rcamo en dicha zona, as\u00ed como el compromiso para el rescate de un espacio p\u00fablico, esto en colaboraci\u00f3n con la Junta Municipal de Agua y Saneamiento. \u201cMuy contenta por la participaci\u00f3n de los vecinos, se logr\u00f3 llegar a acuerdos importantes\u201d, expres\u00f3 la alcaldesa, quien adem\u00e1s destac\u00f3 el entusiasmo y compromiso de los colonos al involucrarse en las decisiones de su entorno. \u201cYa hasta casi le tenemos nombre a la nueva plaza, gracias a la participaci\u00f3n de cada uno de ellos\u201d, agreg\u00f3. Durante la visita, se anunci\u00f3 tambi\u00e9n que el Municipio trabajar\u00e1 en el mejoramiento de un terreno que los habitantes desean convertir en \u00e1rea verde, lo que permitir\u00e1 avanzar en la generaci\u00f3n de espacios p\u00fablicos que fortalezcan la convivencia y el sentido de comunidad. Adem\u00e1s, Miriam Soto record\u00f3 que esta acci\u00f3n surgi\u00f3 a ra\u00edz de una audiencia p\u00fablica del programa Mi\u00e9rcoles con tu Alcaldesa, en la que los vecinos solicitaron mayor informaci\u00f3n sobre los trabajos en su colonia, por lo cual se decidi\u00f3 llevar el programa directamente al lugar de los hechos. Finalmente, reiter\u00f3 que su Administraci\u00f3n continuar\u00e1 impulsando la participaci\u00f3n ciudadana como eje para el desarrollo de Meoqui, reconociendo que el inter\u00e9s y la organizaci\u00f3n vecinal son clave para construir comunidad y lograr cambios reales.<\/p>\n","protected":false},"author":2,"featured_media":16791,"comment_status":"open","ping_status":"open","sticky":false,"template":"","format":"standard","meta":{"_monsterinsights_skip_tracking":false,"_monsterinsights_sitenote_active":false,"_monsterinsights_sitenote_note":"","_monsterinsights_sitenote_category":0,"advanced_seo_description":"","jetpack_seo_html_title":"","jetpack_seo_noindex":false,"_jetpack_memberships_contains_paid_content":false,"footnotes":"","jetpack_publicize_message":"","jetpack_publicize_feature_enabled":true,"jetpack_social_post_already_shared":true,"jetpack_social_options":{"image_generator_settings":{"template":"highway","enabled":false},"version":2}},"categories":[135,7,11],"tags":[],"class_list":["post-16790","post","type-post","status-publish","format-standard","has-post-thumbnail","hentry","category-lo-mas-leido","category-local","category-principal"],"jetpack_publicize_connections":[],"jetpack_sharing_enabled":true,"jetpack_featured_media_url":"https:\/\/i0.wp.com\/alcierrenoticias.com\/wp-content\/uploads\/2025\/08\/WhatsApp-Image-2025-08-11-at-12.36.35-PM.jpeg?fit=1280%2C853&ssl=1","amp_enabled":true,"_links":{"self":[{"href":"https:\/\/alcierrenoticias.com\/index.php\/wp-json\/wp\/v2\/posts\/16790","targetHints":{"allow":["GET"]}}],"collection":[{"href":"https:\/\/alcierrenoticias.com\/index.php\/wp-json\/wp\/v2\/posts"}],"about":[{"href":"https:\/\/alcierrenoticias.com\/index.php\/wp-json\/wp\/v2\/types\/post"}],"author":[{"embeddable":true,"href":"https:\/\/alcierrenoticias.com\/index.php\/wp-json\/wp\/v2\/users\/2"}],"replies":[{"embeddable":true,"href":"https:\/\/alcierrenoticias.com\/index.php\/wp-json\/wp\/v2\/comments?post=16790"}],"version-history":[{"count":1,"href":"https:\/\/alcierrenoticias.com\/index.php\/wp-json\/wp\/v2\/posts\/16790\/revisions"}],"predecessor-version":[{"id":16792,"href":"https:\/\/alcierrenoticias.com\/index.php\/wp-json\/wp\/v2\/posts\/16790\/revisions\/16792"}],"wp:featuredmedia":[{"embeddable":true,"href":"https:\/\/alcierrenoticias.com\/index.php\/wp-json\/wp\/v2\/media\/16791"}],"wp:attachment":[{"href":"https:\/\/alcierrenoticias.com\/index.php\/wp-json\/wp\/v2\/media?parent=16790"}],"wp:term":[{"taxonomy":"category","embeddable":true,"href":"https:\/\/alcierrenoticias.com\/index.php\/wp-json\/wp\/v2\/categories?post=16790"},{"taxonomy":"post_tag","embeddable":true,"href":"https:\/\/alcierrenoticias.com\/index.php\/wp-json\/wp\/v2\/tags?post=16790"}],"curies":[{"name":"wp","href":"https:\/\/api.w.org\/{rel}","templated":true}]}}