{"id":16767,"date":"2025-08-09T14:50:01","date_gmt":"2025-08-09T20:50:01","guid":{"rendered":"https:\/\/alcierrenoticias.com\/?p=16767"},"modified":"2025-08-11T12:25:58","modified_gmt":"2025-08-11T18:25:58","slug":"este-lunes-11-de-agosto-inicia-convocatoria-de-becas-universitarias-en-meoqui","status":"publish","type":"post","link":"https:\/\/alcierrenoticias.com\/index.php\/2025\/08\/09\/este-lunes-11-de-agosto-inicia-convocatoria-de-becas-universitarias-en-meoqui\/","title":{"rendered":"Este lunes 11 de agosto inicia convocatoria de Becas Universitarias en Meoqui."},"content":{"rendered":"<p>Estara abierta hasta el 22 de agosto, los estudiantes de nivel superior podr\u00e1n entregar su documentaci\u00f3n en las oficinas de Desarrollo Social.<\/p>\n<p>Del 11 al 22 de agosto estar\u00e1 abierta la convocatoria para Becas Universitarias de Convenio, Econ\u00f3micas y de Transporte que ofrece el Gobierno de Meoqui a todos aquellos estudiantes de nivel superior que deseen acceder a este programa, mismo que benefici\u00f3 a m\u00e1s de 400 universitarios el ciclo pasado.<\/p>\n<p>\u201cEl objetivo es contribuir a que m\u00e1s j\u00f3venes puedan continuar y concluir sus estudios universitarios. Esta es una beca econ\u00f3mica que puede ser de convenio o de transporte, y es parte del compromiso que la alcaldesa Miriam Soto ha mantenido con la educaci\u00f3n desde su primera administraci\u00f3n\u201d, expres\u00f3 la directora de Desarrollo Social, Zenyith P\u00e9rez.<\/p>\n<p>Agreg\u00f3 que los interesados deber\u00e1n entregar su documentaci\u00f3n en las oficinas de Desarrollo Social, ubicadas en la Presidencia Municipal, en un horario de 8 de la ma\u00f1ana a 2 de la tarde, de lunes a viernes. Los resultados ser\u00e1n publicados el pr\u00f3ximo 29 de agosto en el peri\u00f3dico mural de la Presidencia.<\/p>\n<p>Zenyith P\u00e9rez destac\u00f3 que este programa ha beneficiado a un gran n\u00famero de estudiantes desde su creaci\u00f3n, y que continuar\u00e1 vigente como un incentivo para quienes luchan por su formaci\u00f3n profesional. \u201cEs un apoyo que cada vez toma m\u00e1s fuerza, y que refleja el compromiso permanente de nuestra alcaldesa con la educaci\u00f3n de las y los meoquenses\u201d, finaliz\u00f3.<\/p>\n<p>Los requisitos para formar parte de este programa son:<\/p>\n<p>\u2022 Comprobante de domicilio<\/p>\n<p>\u2022 CURP<\/p>\n<p>\u2022 Credencial de elector del solicitante<\/p>\n<p>\u2022 Constancia escolar firmada y sellada por la instituci\u00f3n<\/p>\n<p>\u2022 \u00daltima boleta de estudios<\/p>\n<p>\u2022 Comprobante de ingresos (del solicitante o del padre\/madre, seg\u00fan corresponda)<\/p>\n","protected":false},"excerpt":{"rendered":"<p>Estara abierta hasta el 22 de agosto, los estudiantes de nivel superior podr\u00e1n entregar su documentaci\u00f3n en las oficinas de Desarrollo Social. Del 11 al 22 de agosto estar\u00e1 abierta la convocatoria para Becas Universitarias de Convenio, Econ\u00f3micas y de Transporte que ofrece el Gobierno de Meoqui a todos aquellos estudiantes de nivel superior que deseen acceder a este programa, mismo que benefici\u00f3 a m\u00e1s de 400 universitarios el ciclo pasado. \u201cEl objetivo es contribuir a que m\u00e1s j\u00f3venes puedan continuar y concluir sus estudios universitarios. Esta es una beca econ\u00f3mica que puede ser de convenio o de transporte, y es parte del compromiso que la alcaldesa Miriam Soto ha mantenido con la educaci\u00f3n desde su primera administraci\u00f3n\u201d, expres\u00f3 la directora de Desarrollo Social, Zenyith P\u00e9rez. Agreg\u00f3 que los interesados deber\u00e1n entregar su documentaci\u00f3n en las oficinas de Desarrollo Social, ubicadas en la Presidencia Municipal, en un horario de 8 de la ma\u00f1ana a 2 de la tarde, de lunes a viernes. Los resultados ser\u00e1n publicados el pr\u00f3ximo 29 de agosto en el peri\u00f3dico mural de la Presidencia. Zenyith P\u00e9rez destac\u00f3 que este programa ha beneficiado a un gran n\u00famero de estudiantes desde su creaci\u00f3n, y que continuar\u00e1 vigente como un incentivo para quienes luchan por su formaci\u00f3n profesional. \u201cEs un apoyo que cada vez toma m\u00e1s fuerza, y que refleja el compromiso permanente de nuestra alcaldesa con la educaci\u00f3n de las y los meoquenses\u201d, finaliz\u00f3. Los requisitos para formar parte de este programa son: \u2022 Comprobante de domicilio \u2022 CURP \u2022 Credencial de elector del solicitante \u2022 Constancia escolar firmada y sellada por la instituci\u00f3n \u2022 \u00daltima boleta de estudios \u2022 Comprobante de ingresos (del solicitante o del padre\/madre, seg\u00fan corresponda)<\/p>\n","protected":false},"author":2,"featured_media":16768,"comment_status":"open","ping_status":"open","sticky":false,"template":"","format":"standard","meta":{"_monsterinsights_skip_tracking":false,"_monsterinsights_sitenote_active":false,"_monsterinsights_sitenote_note":"","_monsterinsights_sitenote_category":0,"advanced_seo_description":"","jetpack_seo_html_title":"","jetpack_seo_noindex":false,"_jetpack_memberships_contains_paid_content":false,"footnotes":"","jetpack_publicize_message":"","jetpack_publicize_feature_enabled":true,"jetpack_social_post_already_shared":true,"jetpack_social_options":{"image_generator_settings":{"template":"highway","enabled":false},"version":2}},"categories":[135,7,11],"tags":[],"class_list":["post-16767","post","type-post","status-publish","format-standard","has-post-thumbnail","hentry","category-lo-mas-leido","category-local","category-principal"],"jetpack_publicize_connections":[],"jetpack_sharing_enabled":true,"jetpack_featured_media_url":"https:\/\/i0.wp.com\/alcierrenoticias.com\/wp-content\/uploads\/2025\/08\/WhatsApp-Image-2025-08-09-at-2.39.12-PM-e1754936729994.jpeg?fit=500%2C500&ssl=1","amp_enabled":true,"_links":{"self":[{"href":"https:\/\/alcierrenoticias.com\/index.php\/wp-json\/wp\/v2\/posts\/16767","targetHints":{"allow":["GET"]}}],"collection":[{"href":"https:\/\/alcierrenoticias.com\/index.php\/wp-json\/wp\/v2\/posts"}],"about":[{"href":"https:\/\/alcierrenoticias.com\/index.php\/wp-json\/wp\/v2\/types\/post"}],"author":[{"embeddable":true,"href":"https:\/\/alcierrenoticias.com\/index.php\/wp-json\/wp\/v2\/users\/2"}],"replies":[{"embeddable":true,"href":"https:\/\/alcierrenoticias.com\/index.php\/wp-json\/wp\/v2\/comments?post=16767"}],"version-history":[{"count":1,"href":"https:\/\/alcierrenoticias.com\/index.php\/wp-json\/wp\/v2\/posts\/16767\/revisions"}],"predecessor-version":[{"id":16769,"href":"https:\/\/alcierrenoticias.com\/index.php\/wp-json\/wp\/v2\/posts\/16767\/revisions\/16769"}],"wp:featuredmedia":[{"embeddable":true,"href":"https:\/\/alcierrenoticias.com\/index.php\/wp-json\/wp\/v2\/media\/16768"}],"wp:attachment":[{"href":"https:\/\/alcierrenoticias.com\/index.php\/wp-json\/wp\/v2\/media?parent=16767"}],"wp:term":[{"taxonomy":"category","embeddable":true,"href":"https:\/\/alcierrenoticias.com\/index.php\/wp-json\/wp\/v2\/categories?post=16767"},{"taxonomy":"post_tag","embeddable":true,"href":"https:\/\/alcierrenoticias.com\/index.php\/wp-json\/wp\/v2\/tags?post=16767"}],"curies":[{"name":"wp","href":"https:\/\/api.w.org\/{rel}","templated":true}]}}