{"id":16732,"date":"2025-08-07T15:22:36","date_gmt":"2025-08-07T21:22:36","guid":{"rendered":"https:\/\/alcierrenoticias.com\/?p=16732"},"modified":"2025-08-11T11:35:03","modified_gmt":"2025-08-11T17:35:03","slug":"municipio-invita-a-participar-en-el-certamen-para-elegir-a-la-reina-de-la-expo-feria-santa-rosalia-2025","status":"publish","type":"post","link":"https:\/\/alcierrenoticias.com\/index.php\/2025\/08\/07\/municipio-invita-a-participar-en-el-certamen-para-elegir-a-la-reina-de-la-expo-feria-santa-rosalia-2025\/","title":{"rendered":"Municipio invita a participar en el certamen para elegir a la Reina de la Expo Feria Santa Rosal\u00eda 2025."},"content":{"rendered":"<p>El Gobierno Municipal de Camargo, a trav\u00e9s del Comit\u00e9 Organizador de la Expo Feria 2025, invita a todas las j\u00f3venes camarguenses a participar en el certamen para elegir a la Reina de la Expo Feria Santa Rosal\u00eda de Camargo 2025.<\/p>\n<p>Requisitos para participar:<\/p>\n<p>Ser camarguense de nacimiento o contar con al menos dos a\u00f1os de residencia en el municipio.<br \/>\nTener entre 18 y 22 a\u00f1os de edad.<br \/>\nSer soltera, no haber estado casada ni haber tenido hijos.<br \/>\nContar con armon\u00eda de cuerpo y rostro.<br \/>\nCada participante contar\u00e1 con el respaldo de un patrocinador oficial que otorgar\u00e1 un bono econ\u00f3mico. Adem\u00e1s, todas recibir\u00e1n preparaci\u00f3n en pasarela durante el proceso del certamen.<br \/>\nInscripciones:<br \/>\nDel 7 al 15 de agosto, en las oficinas de Desarrollo Econ\u00f3mico y Turismo, ubicadas en el segundo piso del Centro de Estudios G\u00f3mez Mor\u00edn. Para mayores informes, comunicarse al tel\u00e9fono 648 469 1771.<\/p>\n<p>Premiaci\u00f3n:<\/p>\n<p>La Reina de la Expo Feria recibir\u00e1 un premio econ\u00f3mico de $9,000.00.<br \/>\nLa Reina de Fiestas Patrias ser\u00e1 premiada con $6,000.00.<br \/>\nLa ganadora ser\u00e1 seleccionada por un jurado calificador, cuyo fallo ser\u00e1 inapelable.<br \/>\nInvitamos a todas las interesadas a ser parte de esta gran tradici\u00f3n que celebra la belleza, cultura y orgullo de ser camarguense.<\/p>\n<p>\u00a1Participa y forma parte de la historia de nuestra Expo Feria Santa Rosal\u00eda 2025!<\/p>\n","protected":false},"excerpt":{"rendered":"<p>El Gobierno Municipal de Camargo, a trav\u00e9s del Comit\u00e9 Organizador de la Expo Feria 2025, invita a todas las j\u00f3venes camarguenses a participar en el certamen para elegir a la Reina de la Expo Feria Santa Rosal\u00eda de Camargo 2025. Requisitos para participar: Ser camarguense de nacimiento o contar con al menos dos a\u00f1os de residencia en el municipio. Tener entre 18 y 22 a\u00f1os de edad. Ser soltera, no haber estado casada ni haber tenido hijos. Contar con armon\u00eda de cuerpo y rostro. Cada participante contar\u00e1 con el respaldo de un patrocinador oficial que otorgar\u00e1 un bono econ\u00f3mico. Adem\u00e1s, todas recibir\u00e1n preparaci\u00f3n en pasarela durante el proceso del certamen. Inscripciones: Del 7 al 15 de agosto, en las oficinas de Desarrollo Econ\u00f3mico y Turismo, ubicadas en el segundo piso del Centro de Estudios G\u00f3mez Mor\u00edn. Para mayores informes, comunicarse al tel\u00e9fono 648 469 1771. Premiaci\u00f3n: La Reina de la Expo Feria recibir\u00e1 un premio econ\u00f3mico de $9,000.00. La Reina de Fiestas Patrias ser\u00e1 premiada con $6,000.00. La ganadora ser\u00e1 seleccionada por un jurado calificador, cuyo fallo ser\u00e1 inapelable. Invitamos a todas las interesadas a ser parte de esta gran tradici\u00f3n que celebra la belleza, cultura y orgullo de ser camarguense. \u00a1Participa y forma parte de la historia de nuestra Expo Feria Santa Rosal\u00eda 2025!<\/p>\n","protected":false},"author":2,"featured_media":16733,"comment_status":"open","ping_status":"open","sticky":false,"template":"","format":"standard","meta":{"_monsterinsights_skip_tracking":false,"_monsterinsights_sitenote_active":false,"_monsterinsights_sitenote_note":"","_monsterinsights_sitenote_category":0,"advanced_seo_description":"","jetpack_seo_html_title":"","jetpack_seo_noindex":false,"_jetpack_memberships_contains_paid_content":false,"footnotes":"","jetpack_publicize_message":"","jetpack_publicize_feature_enabled":true,"jetpack_social_post_already_shared":true,"jetpack_social_options":{"image_generator_settings":{"template":"highway","enabled":false},"version":2}},"categories":[8,135,11],"tags":[],"class_list":["post-16732","post","type-post","status-publish","format-standard","has-post-thumbnail","hentry","category-estado","category-lo-mas-leido","category-principal"],"jetpack_publicize_connections":[],"jetpack_sharing_enabled":true,"jetpack_featured_media_url":"https:\/\/i0.wp.com\/alcierrenoticias.com\/wp-content\/uploads\/2025\/08\/WhatsApp-Image-2025-08-07-at-2.58.01-PM-e1754933678237.jpeg?fit=400%2C501&ssl=1","amp_enabled":true,"_links":{"self":[{"href":"https:\/\/alcierrenoticias.com\/index.php\/wp-json\/wp\/v2\/posts\/16732","targetHints":{"allow":["GET"]}}],"collection":[{"href":"https:\/\/alcierrenoticias.com\/index.php\/wp-json\/wp\/v2\/posts"}],"about":[{"href":"https:\/\/alcierrenoticias.com\/index.php\/wp-json\/wp\/v2\/types\/post"}],"author":[{"embeddable":true,"href":"https:\/\/alcierrenoticias.com\/index.php\/wp-json\/wp\/v2\/users\/2"}],"replies":[{"embeddable":true,"href":"https:\/\/alcierrenoticias.com\/index.php\/wp-json\/wp\/v2\/comments?post=16732"}],"version-history":[{"count":1,"href":"https:\/\/alcierrenoticias.com\/index.php\/wp-json\/wp\/v2\/posts\/16732\/revisions"}],"predecessor-version":[{"id":16734,"href":"https:\/\/alcierrenoticias.com\/index.php\/wp-json\/wp\/v2\/posts\/16732\/revisions\/16734"}],"wp:featuredmedia":[{"embeddable":true,"href":"https:\/\/alcierrenoticias.com\/index.php\/wp-json\/wp\/v2\/media\/16733"}],"wp:attachment":[{"href":"https:\/\/alcierrenoticias.com\/index.php\/wp-json\/wp\/v2\/media?parent=16732"}],"wp:term":[{"taxonomy":"category","embeddable":true,"href":"https:\/\/alcierrenoticias.com\/index.php\/wp-json\/wp\/v2\/categories?post=16732"},{"taxonomy":"post_tag","embeddable":true,"href":"https:\/\/alcierrenoticias.com\/index.php\/wp-json\/wp\/v2\/tags?post=16732"}],"curies":[{"name":"wp","href":"https:\/\/api.w.org\/{rel}","templated":true}]}}