{"id":16709,"date":"2025-08-06T20:13:25","date_gmt":"2025-08-07T02:13:25","guid":{"rendered":"https:\/\/alcierrenoticias.com\/?p=16709"},"modified":"2025-08-07T14:24:05","modified_gmt":"2025-08-07T20:24:05","slug":"cuadrillas-de-servicios-municipales-atienden-camellon-de-la-2-de-abril-con-labores-de-limpieza-y-mantenimiento","status":"publish","type":"post","link":"https:\/\/alcierrenoticias.com\/index.php\/2025\/08\/06\/cuadrillas-de-servicios-municipales-atienden-camellon-de-la-2-de-abril-con-labores-de-limpieza-y-mantenimiento\/","title":{"rendered":"Cuadrillas de Servicios Municipales atienden camell\u00f3n de la 2 de Abril con labores de limpieza y mantenimiento."},"content":{"rendered":"<p>Como parte de las acciones permanentes para mantener en \u00f3ptimas condiciones los espacios p\u00fablicos, este martes las cuadrillas de Servicios Municipales realizaron labores de limpieza en el camell\u00f3n central de la calle 2 de Abril.<\/p>\n<p>Los trabajos incluyeron recolecci\u00f3n de basura, retiro de maleza, barrido manual y mantenimiento general del \u00e1rea verde, con el objetivo de mejorar la imagen urbana y ofrecer espacios m\u00e1s limpios y seguros para quienes transitan por esta importante vialidad.<\/p>\n<p>Desde el Gobierno Municipal reiteramos el compromiso con el cuidado del entorno y agradecemos a la ciudadan\u00eda por contribuir al mantenimiento de nuestras calles y espacios compartidos.<\/p>\n","protected":false},"excerpt":{"rendered":"<p>Como parte de las acciones permanentes para mantener en \u00f3ptimas condiciones los espacios p\u00fablicos, este martes las cuadrillas de Servicios Municipales realizaron labores de limpieza en el camell\u00f3n central de la calle 2 de Abril. Los trabajos incluyeron recolecci\u00f3n de basura, retiro de maleza, barrido manual y mantenimiento general del \u00e1rea verde, con el objetivo de mejorar la imagen urbana y ofrecer espacios m\u00e1s limpios y seguros para quienes transitan por esta importante vialidad. Desde el Gobierno Municipal reiteramos el compromiso con el cuidado del entorno y agradecemos a la ciudadan\u00eda por contribuir al mantenimiento de nuestras calles y espacios compartidos.<\/p>\n","protected":false},"author":2,"featured_media":16710,"comment_status":"open","ping_status":"open","sticky":false,"template":"","format":"standard","meta":{"_monsterinsights_skip_tracking":false,"_monsterinsights_sitenote_active":false,"_monsterinsights_sitenote_note":"","_monsterinsights_sitenote_category":0,"advanced_seo_description":"","jetpack_seo_html_title":"","jetpack_seo_noindex":false,"_jetpack_memberships_contains_paid_content":false,"footnotes":"","jetpack_publicize_message":"","jetpack_publicize_feature_enabled":true,"jetpack_social_post_already_shared":true,"jetpack_social_options":{"image_generator_settings":{"template":"highway","enabled":false},"version":2}},"categories":[135,7,11],"tags":[],"class_list":["post-16709","post","type-post","status-publish","format-standard","has-post-thumbnail","hentry","category-lo-mas-leido","category-local","category-principal"],"jetpack_publicize_connections":[],"jetpack_sharing_enabled":true,"jetpack_featured_media_url":"https:\/\/i0.wp.com\/alcierrenoticias.com\/wp-content\/uploads\/2025\/08\/WhatsApp-Image-2025-08-06-at-10.27.12-PM.jpeg?fit=1600%2C1066&ssl=1","amp_enabled":true,"_links":{"self":[{"href":"https:\/\/alcierrenoticias.com\/index.php\/wp-json\/wp\/v2\/posts\/16709","targetHints":{"allow":["GET"]}}],"collection":[{"href":"https:\/\/alcierrenoticias.com\/index.php\/wp-json\/wp\/v2\/posts"}],"about":[{"href":"https:\/\/alcierrenoticias.com\/index.php\/wp-json\/wp\/v2\/types\/post"}],"author":[{"embeddable":true,"href":"https:\/\/alcierrenoticias.com\/index.php\/wp-json\/wp\/v2\/users\/2"}],"replies":[{"embeddable":true,"href":"https:\/\/alcierrenoticias.com\/index.php\/wp-json\/wp\/v2\/comments?post=16709"}],"version-history":[{"count":2,"href":"https:\/\/alcierrenoticias.com\/index.php\/wp-json\/wp\/v2\/posts\/16709\/revisions"}],"predecessor-version":[{"id":16712,"href":"https:\/\/alcierrenoticias.com\/index.php\/wp-json\/wp\/v2\/posts\/16709\/revisions\/16712"}],"wp:featuredmedia":[{"embeddable":true,"href":"https:\/\/alcierrenoticias.com\/index.php\/wp-json\/wp\/v2\/media\/16710"}],"wp:attachment":[{"href":"https:\/\/alcierrenoticias.com\/index.php\/wp-json\/wp\/v2\/media?parent=16709"}],"wp:term":[{"taxonomy":"category","embeddable":true,"href":"https:\/\/alcierrenoticias.com\/index.php\/wp-json\/wp\/v2\/categories?post=16709"},{"taxonomy":"post_tag","embeddable":true,"href":"https:\/\/alcierrenoticias.com\/index.php\/wp-json\/wp\/v2\/tags?post=16709"}],"curies":[{"name":"wp","href":"https:\/\/api.w.org\/{rel}","templated":true}]}}