{"id":16700,"date":"2025-08-06T16:55:51","date_gmt":"2025-08-06T22:55:51","guid":{"rendered":"https:\/\/alcierrenoticias.com\/?p=16700"},"modified":"2025-08-07T14:02:34","modified_gmt":"2025-08-07T20:02:34","slug":"jorge-aldana-entrega-material-para-reparacion-de-techos-en-la-comunidad-de-el-porvenir","status":"publish","type":"post","link":"https:\/\/alcierrenoticias.com\/index.php\/2025\/08\/06\/jorge-aldana-entrega-material-para-reparacion-de-techos-en-la-comunidad-de-el-porvenir\/","title":{"rendered":"Jorge Aldana entrega material para reparaci\u00f3n de techos en la comunidad de El Porvenir."},"content":{"rendered":"<p>El presidente municipal Jorge Aldana realiz\u00f3 la entrega de material para la reparaci\u00f3n de techos en la comunidad de El Porvenir, cumpliendo as\u00ed con el compromiso de mejorar las condiciones de vivienda de las familias del sector.<\/p>\n<p>La entrega consisti\u00f3 en l\u00e1minas y polines, con lo que se podr\u00e1 realizar la reparaci\u00f3n total de las estructuras afectadas. Esta acci\u00f3n forma parte de los apoyos directos que se est\u00e1n llevando a las distintas comunidades del municipio para atender necesidades b\u00e1sicas y mejorar la calidad de vida de las y los camarguenses.<\/p>\n<p>\u201cNos comprometimos a apoyar con lo necesario para que las familias puedan tener un techo seguro, y hoy estamos cumpliendo\u201d, expres\u00f3 Jorge Aldana durante la entrega.<\/p>\n<p>Con estas acciones, el Gobierno Municipal refrenda su compromiso de seguir trabajando en beneficio de quienes m\u00e1s lo necesitan, llegando hasta donde se requiere con soluciones concretas.<\/p>\n","protected":false},"excerpt":{"rendered":"<p>El presidente municipal Jorge Aldana realiz\u00f3 la entrega de material para la reparaci\u00f3n de techos en la comunidad de El Porvenir, cumpliendo as\u00ed con el compromiso de mejorar las condiciones de vivienda de las familias del sector. La entrega consisti\u00f3 en l\u00e1minas y polines, con lo que se podr\u00e1 realizar la reparaci\u00f3n total de las estructuras afectadas. Esta acci\u00f3n forma parte de los apoyos directos que se est\u00e1n llevando a las distintas comunidades del municipio para atender necesidades b\u00e1sicas y mejorar la calidad de vida de las y los camarguenses. \u201cNos comprometimos a apoyar con lo necesario para que las familias puedan tener un techo seguro, y hoy estamos cumpliendo\u201d, expres\u00f3 Jorge Aldana durante la entrega. Con estas acciones, el Gobierno Municipal refrenda su compromiso de seguir trabajando en beneficio de quienes m\u00e1s lo necesitan, llegando hasta donde se requiere con soluciones concretas.<\/p>\n","protected":false},"author":2,"featured_media":16702,"comment_status":"open","ping_status":"open","sticky":false,"template":"","format":"standard","meta":{"_monsterinsights_skip_tracking":false,"_monsterinsights_sitenote_active":true,"_monsterinsights_sitenote_note":"","_monsterinsights_sitenote_category":153,"advanced_seo_description":"","jetpack_seo_html_title":"","jetpack_seo_noindex":false,"_jetpack_memberships_contains_paid_content":false,"footnotes":"","jetpack_publicize_message":"","jetpack_publicize_feature_enabled":true,"jetpack_social_post_already_shared":true,"jetpack_social_options":{"image_generator_settings":{"template":"highway","enabled":false},"version":2}},"categories":[8,135,11],"tags":[],"class_list":["post-16700","post","type-post","status-publish","format-standard","has-post-thumbnail","hentry","category-estado","category-lo-mas-leido","category-principal"],"jetpack_publicize_connections":[],"jetpack_sharing_enabled":true,"jetpack_featured_media_url":"https:\/\/i0.wp.com\/alcierrenoticias.com\/wp-content\/uploads\/2025\/08\/WhatsApp-Image-2025-08-06-at-4.30.16-PM.jpeg?fit=1431%2C1012&ssl=1","amp_enabled":true,"_links":{"self":[{"href":"https:\/\/alcierrenoticias.com\/index.php\/wp-json\/wp\/v2\/posts\/16700","targetHints":{"allow":["GET"]}}],"collection":[{"href":"https:\/\/alcierrenoticias.com\/index.php\/wp-json\/wp\/v2\/posts"}],"about":[{"href":"https:\/\/alcierrenoticias.com\/index.php\/wp-json\/wp\/v2\/types\/post"}],"author":[{"embeddable":true,"href":"https:\/\/alcierrenoticias.com\/index.php\/wp-json\/wp\/v2\/users\/2"}],"replies":[{"embeddable":true,"href":"https:\/\/alcierrenoticias.com\/index.php\/wp-json\/wp\/v2\/comments?post=16700"}],"version-history":[{"count":2,"href":"https:\/\/alcierrenoticias.com\/index.php\/wp-json\/wp\/v2\/posts\/16700\/revisions"}],"predecessor-version":[{"id":16703,"href":"https:\/\/alcierrenoticias.com\/index.php\/wp-json\/wp\/v2\/posts\/16700\/revisions\/16703"}],"wp:featuredmedia":[{"embeddable":true,"href":"https:\/\/alcierrenoticias.com\/index.php\/wp-json\/wp\/v2\/media\/16702"}],"wp:attachment":[{"href":"https:\/\/alcierrenoticias.com\/index.php\/wp-json\/wp\/v2\/media?parent=16700"}],"wp:term":[{"taxonomy":"category","embeddable":true,"href":"https:\/\/alcierrenoticias.com\/index.php\/wp-json\/wp\/v2\/categories?post=16700"},{"taxonomy":"post_tag","embeddable":true,"href":"https:\/\/alcierrenoticias.com\/index.php\/wp-json\/wp\/v2\/tags?post=16700"}],"curies":[{"name":"wp","href":"https:\/\/api.w.org\/{rel}","templated":true}]}}