{"id":16660,"date":"2025-08-02T15:25:44","date_gmt":"2025-08-02T21:25:44","guid":{"rendered":"https:\/\/alcierrenoticias.com\/?p=16660"},"modified":"2025-08-04T13:10:23","modified_gmt":"2025-08-04T19:10:23","slug":"continua-gobierno-municipal-de-meoqui-con-labores-de-limpieza-y-mantenimiento-de-areas-verdes","status":"publish","type":"post","link":"https:\/\/alcierrenoticias.com\/index.php\/2025\/08\/02\/continua-gobierno-municipal-de-meoqui-con-labores-de-limpieza-y-mantenimiento-de-areas-verdes\/","title":{"rendered":"Contin\u00faa Gobierno Municipal de Meoqui con labores de limpieza y mantenimiento de \u00e1reas verdes."},"content":{"rendered":"<p>Atienden m\u00e1s de 90 espacios entre parques, jardines y camellones en cabecera y seccionales<\/p>\n<p>Por indicaciones de la alcaldesa Miriam Soto, el Gobierno Municipal de Meoqui contin\u00faa con los trabajos de limpieza y mantenimiento de \u00e1reas verdes en distintos puntos del municipio, as\u00ed lo inform\u00f3 No\u00e9 Legarreta, director de Servicios P\u00fablicos Municipales, quien destac\u00f3 que actualmente se han realizado labores de deshierbe en el ferrocarril y el acceso norte de la ciudad.<\/p>\n<p>\u201cEstamos trabajando constantemente en la conservaci\u00f3n y embellecimiento de estas \u00e1reas, sobre todo ahora con las lluvias que hacen crecer m\u00e1s r\u00e1pido la maleza\u201d, mencion\u00f3 el funcionario, agregando que en total se atienden m\u00e1s de 90 \u00e1reas verdes entre parques, jardines y camellones, no solo en la cabecera municipal, sino tambi\u00e9n en las seccionales de L\u00e1zaro C\u00e1rdenas y Guadalupe Victoria.<\/p>\n<p>Asimismo, destac\u00f3 que la instrucci\u00f3n de la alcaldesa Miriam Soto ha sido no solo mantener, sino tambi\u00e9n embellecer las principales avenidas y accesos del municipio, buscando que las familias puedan disfrutar de espacios limpios y agradables.<\/p>\n<p>Finalmente, No\u00e9 Legarreta hizo un llamado a la ciudadan\u00eda para trabajar en equipo con el municipio: \u201cHay vecinos que dan mantenimiento a camellones o parquecitos frente a sus hogares, y estamos muy agradecidos por ese tipo de colaboraci\u00f3n; los invitamos a sumarse, mantener limpio su frente de casa y ayudarnos a conservar bonito nuestro Meoqui\u201d.<\/p>\n","protected":false},"excerpt":{"rendered":"<p>Atienden m\u00e1s de 90 espacios entre parques, jardines y camellones en cabecera y seccionales Por indicaciones de la alcaldesa Miriam Soto, el Gobierno Municipal de Meoqui contin\u00faa con los trabajos de limpieza y mantenimiento de \u00e1reas verdes en distintos puntos del municipio, as\u00ed lo inform\u00f3 No\u00e9 Legarreta, director de Servicios P\u00fablicos Municipales, quien destac\u00f3 que actualmente se han realizado labores de deshierbe en el ferrocarril y el acceso norte de la ciudad. \u201cEstamos trabajando constantemente en la conservaci\u00f3n y embellecimiento de estas \u00e1reas, sobre todo ahora con las lluvias que hacen crecer m\u00e1s r\u00e1pido la maleza\u201d, mencion\u00f3 el funcionario, agregando que en total se atienden m\u00e1s de 90 \u00e1reas verdes entre parques, jardines y camellones, no solo en la cabecera municipal, sino tambi\u00e9n en las seccionales de L\u00e1zaro C\u00e1rdenas y Guadalupe Victoria. Asimismo, destac\u00f3 que la instrucci\u00f3n de la alcaldesa Miriam Soto ha sido no solo mantener, sino tambi\u00e9n embellecer las principales avenidas y accesos del municipio, buscando que las familias puedan disfrutar de espacios limpios y agradables. Finalmente, No\u00e9 Legarreta hizo un llamado a la ciudadan\u00eda para trabajar en equipo con el municipio: \u201cHay vecinos que dan mantenimiento a camellones o parquecitos frente a sus hogares, y estamos muy agradecidos por ese tipo de colaboraci\u00f3n; los invitamos a sumarse, mantener limpio su frente de casa y ayudarnos a conservar bonito nuestro Meoqui\u201d.<\/p>\n","protected":false},"author":2,"featured_media":16661,"comment_status":"open","ping_status":"open","sticky":false,"template":"","format":"standard","meta":{"_monsterinsights_skip_tracking":false,"_monsterinsights_sitenote_active":false,"_monsterinsights_sitenote_note":"","_monsterinsights_sitenote_category":0,"advanced_seo_description":"","jetpack_seo_html_title":"","jetpack_seo_noindex":false,"_jetpack_memberships_contains_paid_content":false,"footnotes":"","jetpack_publicize_message":"","jetpack_publicize_feature_enabled":true,"jetpack_social_post_already_shared":true,"jetpack_social_options":{"image_generator_settings":{"template":"highway","enabled":false},"version":2}},"categories":[135,7,11],"tags":[],"class_list":["post-16660","post","type-post","status-publish","format-standard","has-post-thumbnail","hentry","category-lo-mas-leido","category-local","category-principal"],"jetpack_publicize_connections":[],"jetpack_sharing_enabled":true,"jetpack_featured_media_url":"https:\/\/i0.wp.com\/alcierrenoticias.com\/wp-content\/uploads\/2025\/08\/WhatsApp-Image-2025-08-02-at-3.17.00-PM.jpeg?fit=1600%2C1200&ssl=1","amp_enabled":true,"_links":{"self":[{"href":"https:\/\/alcierrenoticias.com\/index.php\/wp-json\/wp\/v2\/posts\/16660","targetHints":{"allow":["GET"]}}],"collection":[{"href":"https:\/\/alcierrenoticias.com\/index.php\/wp-json\/wp\/v2\/posts"}],"about":[{"href":"https:\/\/alcierrenoticias.com\/index.php\/wp-json\/wp\/v2\/types\/post"}],"author":[{"embeddable":true,"href":"https:\/\/alcierrenoticias.com\/index.php\/wp-json\/wp\/v2\/users\/2"}],"replies":[{"embeddable":true,"href":"https:\/\/alcierrenoticias.com\/index.php\/wp-json\/wp\/v2\/comments?post=16660"}],"version-history":[{"count":2,"href":"https:\/\/alcierrenoticias.com\/index.php\/wp-json\/wp\/v2\/posts\/16660\/revisions"}],"predecessor-version":[{"id":16663,"href":"https:\/\/alcierrenoticias.com\/index.php\/wp-json\/wp\/v2\/posts\/16660\/revisions\/16663"}],"wp:featuredmedia":[{"embeddable":true,"href":"https:\/\/alcierrenoticias.com\/index.php\/wp-json\/wp\/v2\/media\/16661"}],"wp:attachment":[{"href":"https:\/\/alcierrenoticias.com\/index.php\/wp-json\/wp\/v2\/media?parent=16660"}],"wp:term":[{"taxonomy":"category","embeddable":true,"href":"https:\/\/alcierrenoticias.com\/index.php\/wp-json\/wp\/v2\/categories?post=16660"},{"taxonomy":"post_tag","embeddable":true,"href":"https:\/\/alcierrenoticias.com\/index.php\/wp-json\/wp\/v2\/tags?post=16660"}],"curies":[{"name":"wp","href":"https:\/\/api.w.org\/{rel}","templated":true}]}}