{"id":16652,"date":"2025-08-02T14:40:51","date_gmt":"2025-08-02T20:40:51","guid":{"rendered":"https:\/\/alcierrenoticias.com\/?p=16652"},"modified":"2025-08-04T13:05:16","modified_gmt":"2025-08-04T19:05:16","slug":"concluyen-con-exito-veraneada-de-bibliotecas-en-delicias","status":"publish","type":"post","link":"https:\/\/alcierrenoticias.com\/index.php\/2025\/08\/02\/concluyen-con-exito-veraneada-de-bibliotecas-en-delicias\/","title":{"rendered":"Concluyen con \u00e9xito veraneada de bibliotecas en Delicias."},"content":{"rendered":"<p>El Gobierno Municipal de Delicias clausur\u00f3 con gran \u00e9xito la veraneada realizada en las bibliotecas p\u00fablicas, donde ni\u00f1as y ni\u00f1os disfrutaron de dos semanas de aprendizaje y diversi\u00f3n en actividades culturales y recreativas.<\/p>\n<p>Enrique Valenzuela L\u00f3pez, director de Desarrollo Humano y Bien Com\u00fan, destac\u00f3 que estas actividades se realizaron siguiendo la instrucci\u00f3n del alcalde Jes\u00fas Valenciano de ofrecer espacios seguros y formativos. \u201cQueremos que los ni\u00f1os desarrollen sus habilidades, descubran talentos y se conviertan en mejores ciudadanos para el futuro\u201d, expres\u00f3.<\/p>\n<p>Durante esta veraneada, los asistentes participaron en talleres de pintura, teatro, escultura, lectura de cuentos e incluso lenguaje de se\u00f1as, en un ambiente de convivencia y entusiasmo que se reflej\u00f3 en la exposici\u00f3n final presentada a los padres de familia.<\/p>\n<p>El funcionario agradeci\u00f3 a los padres por la confianza de permitir la participaci\u00f3n de sus hijos, as\u00ed como al personal del \u00e1rea de Cultura, encabezada por Mario Guill\u00e9n, por el esfuerzo dedicado a la organizaci\u00f3n y desarrollo de estas actividades completamente gratuitas.<\/p>\n<p>Finalmente, Valenzuela L\u00f3pez invit\u00f3 a los padres de familia a inscribir a sus hijos en la pr\u00f3xima veraneada que se realizar\u00e1 del 4 al 15 de agosto en Cumbres del Deporte, tambi\u00e9n gratuita, en un horario de 9 de la ma\u00f1ana a 1 de la tarde.<\/p>\n","protected":false},"excerpt":{"rendered":"<p>El Gobierno Municipal de Delicias clausur\u00f3 con gran \u00e9xito la veraneada realizada en las bibliotecas p\u00fablicas, donde ni\u00f1as y ni\u00f1os disfrutaron de dos semanas de aprendizaje y diversi\u00f3n en actividades culturales y recreativas. Enrique Valenzuela L\u00f3pez, director de Desarrollo Humano y Bien Com\u00fan, destac\u00f3 que estas actividades se realizaron siguiendo la instrucci\u00f3n del alcalde Jes\u00fas Valenciano de ofrecer espacios seguros y formativos. \u201cQueremos que los ni\u00f1os desarrollen sus habilidades, descubran talentos y se conviertan en mejores ciudadanos para el futuro\u201d, expres\u00f3. Durante esta veraneada, los asistentes participaron en talleres de pintura, teatro, escultura, lectura de cuentos e incluso lenguaje de se\u00f1as, en un ambiente de convivencia y entusiasmo que se reflej\u00f3 en la exposici\u00f3n final presentada a los padres de familia. El funcionario agradeci\u00f3 a los padres por la confianza de permitir la participaci\u00f3n de sus hijos, as\u00ed como al personal del \u00e1rea de Cultura, encabezada por Mario Guill\u00e9n, por el esfuerzo dedicado a la organizaci\u00f3n y desarrollo de estas actividades completamente gratuitas. Finalmente, Valenzuela L\u00f3pez invit\u00f3 a los padres de familia a inscribir a sus hijos en la pr\u00f3xima veraneada que se realizar\u00e1 del 4 al 15 de agosto en Cumbres del Deporte, tambi\u00e9n gratuita, en un horario de 9 de la ma\u00f1ana a 1 de la tarde.<\/p>\n","protected":false},"author":2,"featured_media":16653,"comment_status":"open","ping_status":"open","sticky":false,"template":"","format":"standard","meta":{"_monsterinsights_skip_tracking":false,"_monsterinsights_sitenote_active":false,"_monsterinsights_sitenote_note":"","_monsterinsights_sitenote_category":0,"advanced_seo_description":"","jetpack_seo_html_title":"","jetpack_seo_noindex":false,"_jetpack_memberships_contains_paid_content":false,"footnotes":"","jetpack_publicize_message":"","jetpack_publicize_feature_enabled":true,"jetpack_social_post_already_shared":true,"jetpack_social_options":{"image_generator_settings":{"template":"highway","enabled":false},"version":2}},"categories":[135,7,11],"tags":[],"class_list":["post-16652","post","type-post","status-publish","format-standard","has-post-thumbnail","hentry","category-lo-mas-leido","category-local","category-principal"],"jetpack_publicize_connections":[],"jetpack_sharing_enabled":true,"jetpack_featured_media_url":"https:\/\/i0.wp.com\/alcierrenoticias.com\/wp-content\/uploads\/2025\/08\/WhatsApp-Image-2025-08-02-at-2.37.38-PM.jpeg?fit=1600%2C1200&ssl=1","amp_enabled":true,"_links":{"self":[{"href":"https:\/\/alcierrenoticias.com\/index.php\/wp-json\/wp\/v2\/posts\/16652","targetHints":{"allow":["GET"]}}],"collection":[{"href":"https:\/\/alcierrenoticias.com\/index.php\/wp-json\/wp\/v2\/posts"}],"about":[{"href":"https:\/\/alcierrenoticias.com\/index.php\/wp-json\/wp\/v2\/types\/post"}],"author":[{"embeddable":true,"href":"https:\/\/alcierrenoticias.com\/index.php\/wp-json\/wp\/v2\/users\/2"}],"replies":[{"embeddable":true,"href":"https:\/\/alcierrenoticias.com\/index.php\/wp-json\/wp\/v2\/comments?post=16652"}],"version-history":[{"count":2,"href":"https:\/\/alcierrenoticias.com\/index.php\/wp-json\/wp\/v2\/posts\/16652\/revisions"}],"predecessor-version":[{"id":16655,"href":"https:\/\/alcierrenoticias.com\/index.php\/wp-json\/wp\/v2\/posts\/16652\/revisions\/16655"}],"wp:featuredmedia":[{"embeddable":true,"href":"https:\/\/alcierrenoticias.com\/index.php\/wp-json\/wp\/v2\/media\/16653"}],"wp:attachment":[{"href":"https:\/\/alcierrenoticias.com\/index.php\/wp-json\/wp\/v2\/media?parent=16652"}],"wp:term":[{"taxonomy":"category","embeddable":true,"href":"https:\/\/alcierrenoticias.com\/index.php\/wp-json\/wp\/v2\/categories?post=16652"},{"taxonomy":"post_tag","embeddable":true,"href":"https:\/\/alcierrenoticias.com\/index.php\/wp-json\/wp\/v2\/tags?post=16652"}],"curies":[{"name":"wp","href":"https:\/\/api.w.org\/{rel}","templated":true}]}}